{"id":35383,"date":"2020-01-21T21:50:08","date_gmt":"2020-01-22T00:50:08","guid":{"rendered":"https:\/\/informateesquina.com\/?p=35383"},"modified":"2020-01-21T21:50:08","modified_gmt":"2020-01-22T00:50:08","slug":"puebli-libertador-en-febrero-se-lanza-el-futbol-playa-de-afa","status":"publish","type":"post","link":"http:\/\/informateesquina.com\/?p=35383","title":{"rendered":"Pueblo Libertador: En febrero se lanza el F\u00fatbol Playa de AFA"},"content":{"rendered":"<p><em><strong>Alejandro<\/strong><\/em>\u00a0\u201c<em><strong>Tato<\/strong><\/em>\u201d\u00a0<em><strong>Ca\u00f1ete<\/strong><\/em>, Presidente de Futsal\u00a0<em><strong>AFA<\/strong><\/em> y Futsal playa, dialog\u00f3 con \u201cLa ma\u00f1ana de noticias\u201d y anticip\u00f3 que el domingo 9 de febrero se realizar\u00e1 el lanzamiento de F\u00fatbol Playa de AFA, en Pueblo Libertador.\u00a0 El torneo tiene una duraci\u00f3n de un mes. \u201cSomos la \u00fanica liga de la provincia que cuenta con esta disciplina\u201d, subray\u00f3 Ca\u00f1ete.<\/p>\n<p>\u201cVamos a contar con el acompa\u00f1amiento del presidente de F\u00fatbol Playa de AFA, ya tenemos tambi\u00e9n el reglamento. Esperemos que pueda venir tambi\u00e9n el instructor de \u00e1rbitro para que pueda dar una charla previa, si bien en Corrientes capital ya hubo un curso de instrucci\u00f3n y \u00a0los \u00e1rbitros cuentan con el reglamento, y est\u00e1n haciendo el estudio del mismo, no es lo mismo cuando lo explica el profesional, que leer la letra fr\u00eda\u201d.<\/p>\n<p>Este torneo se dar\u00e1 \u00a0en Pueblo Libertador \u201cporque necesitamos contar con un espacio en la playa o acondicionado para el evento\u201d. \u201cEste va a ser \u00a0un torneo de lanzamiento y promoci\u00f3n de la disciplina; la cancha va a\u00a0 ser un poco m\u00e1s chica y todav\u00eda no va a ser un torneo oficial. Pueden participar los clubes afiliados a la liga como tambi\u00e9n clubes adherentes. Es m\u00e1s, se van a entregar invitaciones a la liga de Sauce, y La Paz, junto con las direcciones de turismo de ambas ciudades as\u00ed promocionan como una opci\u00f3n de turismo de ambas oportunidades\u201d.<\/p>\n<p>&#8220;Ya est\u00e1 abierta la inscripci\u00f3n para los equipos. Como m\u00e1ximo pueden ser 12 equipos, de los cuales 5 o 6 ser\u00e1n de Esquia, no m\u00e1s que eso porque la idea es que participe la gente de Pueblo Libertador&#8221;. &#8220;Contamos con el apoyo de Provincia, mediante la Secretar\u00eda de Deportes. Ellos van a colaborar con el alojamiento ya que habr\u00e1 presidente de otras ligas de la provincia y desde AFA con la gente de F\u00fatbol Playa&#8221;, agreg\u00f3.<\/p>\n<p><img loading=\"lazy\" decoding=\"async\" class=\"alignnone size-medium wp-image-35385\" src=\"https:\/\/informateesquina.com\/wp-content\/uploads\/2020\/01\/futbol-paya-1-300x167.jpeg\" alt=\"\" width=\"300\" height=\"167\" \/><\/p>\n","protected":false},"excerpt":{"rendered":"<p>Alejandro\u00a0\u201cTato\u201d\u00a0Ca\u00f1ete, Presidente de Futsal\u00a0AFA y Futsal playa, dialog\u00f3 con \u201cLa ma\u00f1ana de noticias\u201d y anticip\u00f3 que el domingo 9 de febrero se realizar\u00e1 el lanzamiento de F\u00fatbol Playa de AFA, en Pueblo Libertador.\u00a0 El torneo tiene una duraci\u00f3n de un mes. \u201cSomos la \u00fanica liga de la provincia que cuenta con esta disciplina\u201d, subray\u00f3 Ca\u00f1ete. [&hellip;]<\/p>\n","protected":false},"author":1,"featured_media":35384,"comment_status":"closed","ping_status":"closed","sticky":false,"template":"","format":"video","meta":{"footnotes":""},"categories":[3,6],"tags":[136],"class_list":["post-35383","post","type-post","status-publish","format-video","has-post-thumbnail","hentry","category-deportes","category-locales","tag-destacados","post_format-post-format-video"],"_links":{"self":[{"href":"http:\/\/informateesquina.com\/index.php?rest_route=\/wp\/v2\/posts\/35383","targetHints":{"allow":["GET"]}}],"collection":[{"href":"http:\/\/informateesquina.com\/index.php?rest_route=\/wp\/v2\/posts"}],"about":[{"href":"http:\/\/informateesquina.com\/index.php?rest_route=\/wp\/v2\/types\/post"}],"author":[{"embeddable":true,"href":"http:\/\/informateesquina.com\/index.php?rest_route=\/wp\/v2\/users\/1"}],"replies":[{"embeddable":true,"href":"http:\/\/informateesquina.com\/index.php?rest_route=%2Fwp%2Fv2%2Fcomments&post=35383"}],"version-history":[{"count":0,"href":"http:\/\/informateesquina.com\/index.php?rest_route=\/wp\/v2\/posts\/35383\/revisions"}],"wp:featuredmedia":[{"embeddable":true,"href":"http:\/\/informateesquina.com\/index.php?rest_route=\/"}],"wp:attachment":[{"href":"http:\/\/informateesquina.com\/index.php?rest_route=%2Fwp%2Fv2%2Fmedia&parent=35383"}],"wp:term":[{"taxonomy":"category","embeddable":true,"href":"http:\/\/informateesquina.com\/index.php?rest_route=%2Fwp%2Fv2%2Fcategories&post=35383"},{"taxonomy":"post_tag","embeddable":true,"href":"http:\/\/informateesquina.com\/index.php?rest_route=%2Fwp%2Fv2%2Ftags&post=35383"}],"curies":[{"name":"wp","href":"https:\/\/api.w.org\/{rel}","templated":true}]}}