{"id":35394,"date":"2020-01-22T16:36:09","date_gmt":"2020-01-22T19:36:09","guid":{"rendered":"https:\/\/informateesquina.com\/?p=35394"},"modified":"2020-01-22T16:36:09","modified_gmt":"2020-01-22T19:36:09","slug":"llego-el-modo-oscuro-a-whatsapp-como-activarlo","status":"publish","type":"post","link":"http:\/\/informateesquina.com\/?p=35394","title":{"rendered":"Lleg\u00f3 el modo oscuro a WhatsApp: c\u00f3mo activarlo"},"content":{"rendered":"<p><span class=\"subheadline\">Esta opci\u00f3n permite ahorrar en el consumo de bater\u00eda. Para utilizar esta configuraci\u00f3n hay que actualizar la aplicaci\u00f3n. Explicaci\u00f3n paso a paso<\/span><\/p>\n<section id=\"top\" class=\"\">\n<div id=\"fgeQPa1T2TWxHr\" class=\"wrapper clearfix full pb-feature pb-layout-item pb-f-global-sharebar\">\n<div id=\"sharebar_8063\" class=\"sharebar-top-desktop sharebar-wrapper sharebar-top-mobile\">\n<div class=\"social-tools-wrapper\">\n<div class=\"social-tools\"><\/div>\n<\/div>\n<\/div>\n<\/div>\n<\/section>\n<section id=\"main\" class=\"container\">\n<div id=\"f2Mnna1T2TWxHr\" class=\"wrapper clearfix full pb-feature pb-layout-item pb-f-homepage-masthead-with-dfp\">\n<div id=\"mastnav-wrapper\" class=\"row mastnav hidden-xs\">\n<div id=\"mastnav-container\">\n<div class=\"masthead headerbox\">\n<div class=\"home-masthead-image\">\n<div class=\"masthead-ad-wrapper-left\">\n<div id=\"\" class=\"wrapper clearfix pb-feature pb-layout-item pb-f-ads-dfp\">\n<div id=\"header_izq_180x70\" class=\"ad-slot\" data-adtype=\"header\">\n<div id=\"header_izq_180x70_ad\" data-google-query-id=\"CKCcwf_3l-cCFbsFuQYdnv0HJg\"><\/div>\n<\/div>\n<\/div>\n<\/div>\n<\/div>\n<\/div>\n<\/div>\n<\/div>\n<\/div>\n<div class=\"pb-container\">\n<div id=\"fisi9m1T2TWxHr\" class=\"wrapper clearfix col-lg-12 col-md-12 pb-feature pb-layout-item pb-f-article-byline col-sm-12 col-xs-12 no-align\">\n<div class=\"byline col-xs-12 col-print-12\">\n<div class=\"byline-author\"><\/div>\n<\/div>\n<\/div>\n<\/div>\n<div class=\"pb-container\">\n<div id=\"cfBAJK1T2TWxHr\" class=\"col-md-8 col-sm-12 col-xs-12 pb-layout-item pb-chain pb-c-list-chain left-align\">\n<div id=\"f0enjjRT2TWxHr\" class=\"wrapper clearfix full pb-feature pb-layout-item pb-f-article-body no-align\">\n<div id=\"article-body\" class=\"article-body article-body-elements\">\n<div id=\"article-content\">\n<div class=\"row pb-content-type-image\">\n<figure class=\"element element-image col-xs-12\">\n<div class=\"single-image\">\n<div class=\"shares\">\n<div class=\"share-button facebook\" data-url=\"https:\/\/www.infobae.com\/america\/tecno\/2020\/01\/22\/llego-el-modo-oscuro-a-whatsapp-como-activarlo\/%236HIA7CBRTRFD5LCUW3C77SYTFQ\" data-original=\"https:\/\/arc-anglerfish-arc2-prod-infobae.s3.amazonaws.com\/public\/6HIA7CBRTRFD5LCUW3C77SYTFQ.jpg\"><\/div>\n<\/div>\n<p><img decoding=\"async\" id=\"6HIA7CBRTRFD5LCUW3C77SYTFQ\" class=\"image-lazy\" src=\"https:\/\/www.infobae.com\/new-resizer\/fFu6j4F24suIx4TeWvTRlLL7UO0=\/750x0\/filters:quality(100)\/arc-anglerfish-arc2-prod-infobae.s3.amazonaws.com\/public\/6HIA7CBRTRFD5LCUW3C77SYTFQ.jpg\" alt=\"El \u201cmodo oscuro\u201d est\u00e1 disponible s\u00f3lo para los beta testers de Android (Foto: WABetaInfo)\" width=\"750\" height=\"1497.6489028213166\" data-url=\"https:\/\/www.infobae.com\/america\/tecno\/2020\/01\/22\/llego-el-modo-oscuro-a-whatsapp-como-activarlo\/%236HIA7CBRTRFD5LCUW3C77SYTFQ\" data-original=\"https:\/\/www.infobae.com\/new-resizer\/fFu6j4F24suIx4TeWvTRlLL7UO0=\/750x0\/filters:quality(100)\/arc-anglerfish-arc2-prod-infobae.s3.amazonaws.com\/public\/6HIA7CBRTRFD5LCUW3C77SYTFQ.jpg\" \/><\/div><figcaption class=\"\"><span class=\"credit\">El \u201cmodo oscuro\u201d est\u00e1 disponible s\u00f3lo para los beta testers de Android (Foto: WABetaInfo)<\/span><\/figcaption><\/figure>\n<\/div>\n<div class=\"row pb-content-type-text\">\n<div class=\"col-xs-12 col-print-12\">\n<p class=\"element element-paragraph\">Finalmente\u00a0<b>lleg\u00f3 el modo oscuro a WhatsApp<\/b>. Tal como se ven\u00eda anticipando, la aplicaci\u00f3n en esta versi\u00f3n ofrece un fondo color gris profundo , en tanto que las letras de los textos se ven en color blanco. Los chats del usuario emisor se ven en verde oscuro y las del interlocutor en una tonalidad gris.<\/p>\n<\/div>\n<\/div>\n<div class=\"row pb-content-type-text\">\n<div class=\"col-xs-12 col-print-12\">\n<p class=\"element element-paragraph\"><u><b>C\u00f3mo activar el modo oscuro de WhatsApp<\/b><\/u><\/p>\n<\/div>\n<\/div>\n<div class=\"row pb-content-type-text\">\n<div class=\"col-xs-12 col-print-12\">\n<p class=\"element element-paragraph\"><a href=\"https:\/\/www.infobae.com\/america\/tecno\/2019\/07\/09\/las-funciones-que-llegaria-a-whatsapp-este-ano-modo-oscuro-contactos-con-codigo-qr-y-mas\/\" target=\"_blank\" rel=\"noopener noreferrer\"><b>El modo oscuro\u00a0<\/b><\/a>por ahora s\u00f3lo est\u00e1 disponible para la versi\u00f3n beta de la aplicaci\u00f3n de Android. Es decir que para poder actualizar la app y obtener esta nueva opci\u00f3n hay que ser beta tester.<\/p>\n<\/div>\n<\/div>\n<div class=\"row pb-content-type-image\">\n<figure class=\"element element-image col-xs-12\">\n<div class=\"single-image\">\n<div class=\"shares\">\n<div class=\"share-button facebook\" data-url=\"https:\/\/www.infobae.com\/america\/tecno\/2020\/01\/22\/llego-el-modo-oscuro-a-whatsapp-como-activarlo\/%235CQHH5FIYFG2NBTNX3KTTW4VRQ\" data-original=\"https:\/\/arc-anglerfish-arc2-prod-infobae.s3.amazonaws.com\/public\/5CQHH5FIYFG2NBTNX3KTTW4VRQ.jpg\"><\/div>\n<\/div>\n<p><img decoding=\"async\" id=\"5CQHH5FIYFG2NBTNX3KTTW4VRQ\" class=\"image-lazy\" src=\"https:\/\/www.infobae.com\/new-resizer\/Y0r9vimRuicJZnwB3ybBjzNj_Qs=\/750x0\/filters:quality(100)\/arc-anglerfish-arc2-prod-infobae.s3.amazonaws.com\/public\/5CQHH5FIYFG2NBTNX3KTTW4VRQ.jpg\" alt=\"la aplicaci\u00f3n en esta versi\u00f3n ofrece un fondo color gris profundo , en tanto que las letras de los textos se ven en color blanco. Los chats del usuario emisor se ven en verde oscuro y las del interlocutor en una tonalidad gris. \" width=\"750\" height=\"421.99488491048595\" data-url=\"https:\/\/www.infobae.com\/america\/tecno\/2020\/01\/22\/llego-el-modo-oscuro-a-whatsapp-como-activarlo\/%235CQHH5FIYFG2NBTNX3KTTW4VRQ\" data-original=\"https:\/\/www.infobae.com\/new-resizer\/Y0r9vimRuicJZnwB3ybBjzNj_Qs=\/750x0\/filters:quality(100)\/arc-anglerfish-arc2-prod-infobae.s3.amazonaws.com\/public\/5CQHH5FIYFG2NBTNX3KTTW4VRQ.jpg\" \/><\/div><figcaption class=\"\"><span class=\"credit\">la aplicaci\u00f3n en esta versi\u00f3n ofrece un fondo color gris profundo , en tanto que las letras de los textos se ven en color blanco. Los chats del usuario emisor se ven en verde oscuro y las del interlocutor en una tonalidad gris.<\/span><\/figcaption><\/figure>\n<\/div>\n<div class=\"row pb-content-type-text\">\n<div id=\"\" class=\"wrapper clearfix pb-feature pb-layout-item pb-f-ads-dfp left-align\">\n<div id=\"inline\" class=\"ad-slot\">\n<div id=\"inline_ad\" data-google-query-id=\"CKOcwf_3l-cCFbsFuQYdnv0HJg\">\n<div id=\"google_ads_iframe_\/1058609\/america\/tecno\/nota\/inline_0__container__\"><iframe id=\"google_ads_iframe_\/1058609\/america\/tecno\/nota\/inline_0\" title=\"3rd party ad content\" name=\"google_ads_iframe_\/1058609\/america\/tecno\/nota\/inline_0\" width=\"1\" height=\"1\" frameborder=\"0\" marginwidth=\"0\" marginheight=\"0\" scrolling=\"no\" data-google-container-id=\"6\" data-load-complete=\"true\" data-mce-fragment=\"1\"><\/iframe><\/div>\n<\/div>\n<\/div>\n<\/div>\n<div class=\"col-xs-12 col-print-12\">\n<p class=\"element element-paragraph\">Hasta hace un tiempo esto era muy sencillo, bastaba con inscribirse\u00a0<a href=\"https:\/\/play.google.com\/apps\/testing\/com.whatsapp\" target=\"_blank\" rel=\"noopener noreferrer\"><b>presionando aqu\u00ed<\/b><\/a>. Pero ahora ya no est\u00e1n inscribiendo m\u00e1s usuarios para este programa. De hecho, al hacer clic en el enlace se puede leer la siguiente leyenda<\/p>\n<\/div>\n<\/div>\n<div class=\"row pb-content-type-text\">\n<div class=\"col-xs-12 col-print-12\">\n<p class=\"element element-paragraph\">\u201cGracias por tu inter\u00e9s en formar parte de los testers de la aplicaci\u00f3n WhatsApp Messenger. Sin embargo, por ahora, el programa de pruebas de la aplicaci\u00f3n WhatsApp Messenger ya no puede aceptar m\u00e1s testers\u201d.<\/p>\n<\/div>\n<\/div>\n<div class=\"row pb-content-type-text\">\n<div class=\"col-xs-12 col-print-12\">\n<p class=\"element element-paragraph\">Ahora bien, en caso de que ya seas beta tester, entonces s\u00f3lo tendr\u00e1s que ir hasta Google Play,\u00a0<a href=\"https:\/\/play.google.com\/store\/apps\/details?id=com.whatsapp\" target=\"_blank\" rel=\"noopener noreferrer\"><b>buscar WhatsApp\u00a0<\/b><\/a>y presionar en el bot\u00f3n \u201cActualizar\u201d a la \u00faltima versi\u00f3n (2.20.13).<\/p>\n<\/div>\n<\/div>\n<div class=\"row pb-content-type-image\">\n<figure class=\"element element-image col-xs-12\">\n<div class=\"single-image\">\n<div class=\"shares\">\n<div class=\"share-button facebook\" data-url=\"https:\/\/www.infobae.com\/america\/tecno\/2020\/01\/22\/llego-el-modo-oscuro-a-whatsapp-como-activarlo\/%232VK7V734WBEKJAWM4DBDRBVKPA\" data-original=\"https:\/\/arc-anglerfish-arc2-prod-infobae.s3.amazonaws.com\/public\/2VK7V734WBEKJAWM4DBDRBVKPA.jpg\"><\/div>\n<\/div>\n<p><img decoding=\"async\" id=\"2VK7V734WBEKJAWM4DBDRBVKPA\" class=\"image-lazy\" src=\"https:\/\/www.infobae.com\/new-resizer\/YRbt1L0mchX_YnTUWI6zJApYvCI=\/750x0\/filters:quality(100)\/arc-anglerfish-arc2-prod-infobae.s3.amazonaws.com\/public\/2VK7V734WBEKJAWM4DBDRBVKPA.jpg\" alt=\"Para activar el modo oscuro hay que ir hasta Ajustes\/Chats\/Temas\" width=\"750\" height=\"750.0\" data-url=\"https:\/\/www.infobae.com\/america\/tecno\/2020\/01\/22\/llego-el-modo-oscuro-a-whatsapp-como-activarlo\/%232VK7V734WBEKJAWM4DBDRBVKPA\" data-original=\"https:\/\/www.infobae.com\/new-resizer\/YRbt1L0mchX_YnTUWI6zJApYvCI=\/750x0\/filters:quality(100)\/arc-anglerfish-arc2-prod-infobae.s3.amazonaws.com\/public\/2VK7V734WBEKJAWM4DBDRBVKPA.jpg\" \/><\/div><figcaption class=\"\"><span class=\"credit\">Para activar el modo oscuro hay que ir hasta Ajustes\/Chats\/Temas<\/span><\/figcaption><\/figure>\n<\/div>\n<div class=\"row pb-content-type-text\">\n<div class=\"col-xs-12 col-print-12\">\n<p class=\"element element-paragraph\">Una vez hecho esto, ingres\u00e1 a la aplicaci\u00f3n, y entr\u00e1 en el men\u00fa de Ajustes. Luego seleccion\u00e1 la opci\u00f3n\u00a0<b>Chats<\/b>.<\/p>\n<\/div>\n<\/div>\n<div class=\"row pb-content-type-text\">\n<div class=\"col-xs-12 col-print-12\">\n<p class=\"element element-paragraph\">Despu\u00e9s ingres\u00e1 a la opci\u00f3n Temas y all\u00ed presion\u00e1 en la opci\u00f3n que dice \u201c<b>Oscuro<\/b>\u201d.<\/p>\n<\/div>\n<\/div>\n<div class=\"row pb-content-type-text\">\n<div class=\"col-xs-12 col-print-12\">\n<p class=\"element element-paragraph\">En el caso del Google Pixel 3 con Android 10, WhatsApp permite vincular el modo oscuro con el del sistema. Para hacerlo hay que elegir la opci\u00f3n \u201cPredeterminado del sistema\u201d.<\/p>\n<\/div>\n<\/div>\n<div class=\"row pb-content-type-image\">\n<figure class=\"element element-image col-xs-12\">\n<div class=\"single-image\">\n<div class=\"shares\">\n<div class=\"share-button facebook\" data-url=\"https:\/\/www.infobae.com\/america\/tecno\/2020\/01\/22\/llego-el-modo-oscuro-a-whatsapp-como-activarlo\/%23VCB7GKTDHZDPDIWR46YVNSTWUM\" data-original=\"https:\/\/arc-anglerfish-arc2-prod-infobae.s3.amazonaws.com\/public\/VCB7GKTDHZDPDIWR46YVNSTWUM.jpg\"><\/div>\n<\/div>\n<p><img decoding=\"async\" id=\"VCB7GKTDHZDPDIWR46YVNSTWUM\" class=\"image-lazy\" src=\"https:\/\/www.infobae.com\/new-resizer\/Ux7lC-g4i7iB0s233itbynH49E8=\/750x0\/filters:quality(100)\/arc-anglerfish-arc2-prod-infobae.s3.amazonaws.com\/public\/VCB7GKTDHZDPDIWR46YVNSTWUM.jpg\" alt=\"As\u00ed se ve el modo oscuro en WhatsApp.\" width=\"750\" height=\"1583.3333333333333\" data-url=\"https:\/\/www.infobae.com\/america\/tecno\/2020\/01\/22\/llego-el-modo-oscuro-a-whatsapp-como-activarlo\/%23VCB7GKTDHZDPDIWR46YVNSTWUM\" data-original=\"https:\/\/www.infobae.com\/new-resizer\/Ux7lC-g4i7iB0s233itbynH49E8=\/750x0\/filters:quality(100)\/arc-anglerfish-arc2-prod-infobae.s3.amazonaws.com\/public\/VCB7GKTDHZDPDIWR46YVNSTWUM.jpg\" \/><\/div><figcaption class=\"\"><span class=\"credit\">As\u00ed se ve el modo oscuro en WhatsApp.<\/span><\/figcaption><\/figure>\n<\/div>\n<div class=\"row pb-content-type-text\">\n<div class=\"col-xs-12 col-print-12\">\n<p class=\"element element-paragraph\"><u><b>Los beneficios del modo oscuro<\/b><\/u><\/p>\n<\/div>\n<\/div>\n<div class=\"row pb-content-type-text\">\n<div class=\"col-xs-12 col-print-12\">\n<p class=\"element element-paragraph\">Uno de los beneficios del modo oscuro es que permite ahorrar en el consumo de bater\u00eda, con lo cual se extender\u00eda la autonom\u00eda. Este es uno de los motivos para pasar a esta opci\u00f3n que hoy se encuentra disponible en distintas aplicaciones y sistemas operativos.<\/p>\n<\/div>\n<\/div>\n<div class=\"row pb-content-type-text\">\n<div class=\"col-xs-12 col-print-12\">\n<p class=\"element element-paragraph\">De hecho<b>\u00a0tanto en<\/b><a href=\"https:\/\/www.infobae.com\/america\/tecno\/2019\/09\/03\/ya-esta-disponible-android-10-que-novedades-presenta-el-sistema-operativo\/\" target=\"_blank\" rel=\"noopener noreferrer\"><b>\u00a0Android 10<\/b><\/a><b>\u00a0como en<\/b><a href=\"https:\/\/www.infobae.com\/america\/tecno\/2019\/06\/04\/ios13-el-modo-oscuro-y-las-nuevas-funciones-que-llegaran-a-iphone\/\" target=\"_blank\" rel=\"noopener noreferrer\"><b>\u00a0iOS 13<\/b><\/a><b>\u00a0se puede activar el modo oscuro desde el men\u00fa de configuraci\u00f3n<\/b>.<\/p>\n<\/div>\n<\/div>\n<div class=\"row pb-content-type-text\">\n<div class=\"col-xs-12 col-print-12\">\n<p class=\"element element-paragraph\">En el primer caso hay que ir hasta el men\u00fa de Configuraci\u00f3n del m\u00f3vil luego elegir Pantalla\/ Tema Oscuro. En tanto que en el sistema operativo de Apple, hay que seguir pasos muy parecidos:<b>\u00a0Configuraci\u00f3n\/Pantalla y Brillo\u00a0<\/b>y all\u00ed seleccionar el modo oscuro.<\/p>\n<\/div>\n<\/div>\n<div class=\"row pb-content-type-text\">\n<div class=\"col-xs-12 col-print-12\">\n<p class=\"element element-paragraph\">En iOS 13 tambi\u00e9n se puede programar para que el modo oscuro est\u00e9 activo en determinado horario, por ejemplo, a la noche. Para esto hay que ir hasta\u00a0<b>Configuraci\u00f3n\/ Pantalla y brillo, y seleccionar la opci\u00f3n Autom\u00e1tico.<\/b><\/p>\n<\/div>\n<\/div>\n<div class=\"row pb-content-type-image\">\n<figure class=\"element element-image col-xs-12\">\n<div class=\"single-image\">\n<div class=\"shares\">\n<div class=\"share-button facebook\" data-url=\"https:\/\/www.infobae.com\/america\/tecno\/2020\/01\/22\/llego-el-modo-oscuro-a-whatsapp-como-activarlo\/%23LF6RIBT4OBEFZL3IHKJ4EEMYBY\" data-original=\"https:\/\/arc-anglerfish-arc2-prod-infobae.s3.amazonaws.com\/public\/LF6RIBT4OBEFZL3IHKJ4EEMYBY.png\"><\/div>\n<\/div>\n<p><img decoding=\"async\" id=\"LF6RIBT4OBEFZL3IHKJ4EEMYBY\" class=\"image-lazy\" src=\"https:\/\/www.infobae.com\/new-resizer\/Em8fAq6AEU1mykpZDDhYGr_1XqY=\/750x0\/filters:quality(100)\/arc-anglerfish-arc2-prod-infobae.s3.amazonaws.com\/public\/LF6RIBT4OBEFZL3IHKJ4EEMYBY.png\" alt=\"Se puede activar el modo oscuro en iOS 13 dentro de la opci\u00f3n Pantalla y brillo del men\u00fa de configuraci\u00f3n.\" width=\"750\" height=\"1334.0\" data-url=\"https:\/\/www.infobae.com\/america\/tecno\/2020\/01\/22\/llego-el-modo-oscuro-a-whatsapp-como-activarlo\/%23LF6RIBT4OBEFZL3IHKJ4EEMYBY\" data-original=\"https:\/\/www.infobae.com\/new-resizer\/Em8fAq6AEU1mykpZDDhYGr_1XqY=\/750x0\/filters:quality(100)\/arc-anglerfish-arc2-prod-infobae.s3.amazonaws.com\/public\/LF6RIBT4OBEFZL3IHKJ4EEMYBY.png\" \/><\/div><figcaption class=\"\"><span class=\"credit\">Se puede activar el modo oscuro en iOS 13 dentro de la opci\u00f3n Pantalla y brillo del men\u00fa de configuraci\u00f3n.<\/span><\/figcaption><\/figure>\n<\/div>\n<div class=\"row pb-content-type-text\">\n<div class=\"col-xs-12 col-print-12\">\n<p class=\"element element-paragraph\">Otro de los motivos por el cual muchos usuarios optan por el modo oscuro es que reducir\u00eda la fatiga visual. Por otra parte se dice que la luz azul puede ser perjudicial cuando se quiere dormir, as\u00ed que \u00e9se tambi\u00e9n ser\u00eda un motivo para pasar al modo oscuro.<\/p>\n<\/div>\n<\/div>\n<div class=\"row pb-content-type-text\">\n<div class=\"col-xs-12 col-print-12\">\n<p class=\"element element-paragraph\">De todos modos, cabe recordar que hace unos meses se difundi\u00f3\u00a0<a href=\"https:\/\/www.infobae.com\/america\/tecno\/2019\/12\/20\/por-que-el-modo-oscuro-quizas-no-sea-tan-beneficioso-como-se-creia\/\" target=\"_blank\" rel=\"noopener noreferrer\"><b>un estudio de Universidad de Manchester en el que se concluy\u00f3 que la luz azul no ser\u00eda tan perjudicial para nuestros patrones de sue\u00f1o como se cre\u00eda hasta ahora.<\/b><\/a><\/p>\n<\/div>\n<\/div>\n<div class=\"row pb-content-type-text\">\n<div class=\"col-xs-12 col-print-12\">\n<p class=\"element element-paragraph\">Seg\u00fan estos investigadores, el uso de luces tenues y tonalidades fr\u00edas en la noche; as\u00ed como recurrir a luces m\u00e1s c\u00e1lidas en el d\u00eda puede ser m\u00e1s beneficioso para nuestra salud. Los expertos reflexionan que el atardecer es m\u00e1s oscuro y azul que la luz diurna. Teniendo en cuenta que el reloj biol\u00f3gico se basa en estas caracter\u00edsticas para determinar cu\u00e1les son los momentos de vigilia o sue\u00f1o, entonces el uso del azul durante la noche ser\u00eda m\u00e1s beneficioso que contraproducente.<\/p>\n<\/div>\n<\/div>\n<div class=\"row pb-content-type-image\">\n<figure class=\"element element-image col-xs-12\">\n<div class=\"single-image\">\n<div class=\"shares\">\n<div class=\"share-button facebook\" data-url=\"https:\/\/www.infobae.com\/america\/tecno\/2020\/01\/22\/llego-el-modo-oscuro-a-whatsapp-como-activarlo\/%23CAT4ZSGA5ZBLVDIG22GZNULXBQ\" data-original=\"https:\/\/arc-anglerfish-arc2-prod-infobae.s3.amazonaws.com\/public\/CAT4ZSGA5ZBLVDIG22GZNULXBQ.jpg\"><\/div>\n<\/div>\n<p><img decoding=\"async\" id=\"CAT4ZSGA5ZBLVDIG22GZNULXBQ\" class=\"image-lazy\" src=\"https:\/\/www.infobae.com\/new-resizer\/T_gzKCLxHZomGsqZPuS9YgCVgbg=\/750x0\/filters:quality(100)\/arc-anglerfish-arc2-prod-infobae.s3.amazonaws.com\/public\/CAT4ZSGA5ZBLVDIG22GZNULXBQ.jpg\" alt=\"\u201cNuestros hallazgos sugieren que el uso de luces tenues, m\u00e1s fr\u00edas en la noche y luces c\u00e1lidas brillantes en el d\u00eda puede ser m\u00e1s beneficioso\u201d, explic\u00f3 el doctor Tim Brown, de la Universidad de Manchester, (Shutterstock)\" width=\"750\" height=\"421.875\" data-url=\"https:\/\/www.infobae.com\/america\/tecno\/2020\/01\/22\/llego-el-modo-oscuro-a-whatsapp-como-activarlo\/%23CAT4ZSGA5ZBLVDIG22GZNULXBQ\" data-original=\"https:\/\/www.infobae.com\/new-resizer\/T_gzKCLxHZomGsqZPuS9YgCVgbg=\/750x0\/filters:quality(100)\/arc-anglerfish-arc2-prod-infobae.s3.amazonaws.com\/public\/CAT4ZSGA5ZBLVDIG22GZNULXBQ.jpg\" \/><\/div><figcaption class=\"\"><span class=\"credit\">\u201cNuestros hallazgos sugieren que el uso de luces tenues, m\u00e1s fr\u00edas en la noche y luces c\u00e1lidas brillantes en el d\u00eda puede ser m\u00e1s beneficioso\u201d, explic\u00f3 el doctor Tim Brown, de la Universidad de Manchester, (Shutterstock)<\/span><\/figcaption><\/figure>\n<\/div>\n<div class=\"row pb-content-type-text\">\n<div class=\"col-xs-12 col-print-12\">\n<p class=\"element element-paragraph\">El modo oscuro, disponible en varias apps y sistemas operativos, permiten pasar del habitual fondo blanco con letras negra a un display oscuro, basado en tonos negros y grises, y las letras pasan m\u00e1s a tonos m\u00e1s amarillos y rosados con menor presencia de los azules. Tambi\u00e9n implica la reducci\u00f3n del brillo de la pantalla.<\/p>\n<\/div>\n<\/div>\n<div class=\"row pb-content-type-text\">\n<div class=\"col-xs-12 col-print-12\">\n<p class=\"element element-paragraph\">Esa limitaci\u00f3n a la exposici\u00f3n a la luz azul que hasta ahora fue vista como positiva para mejorar el descanso, podr\u00eda enviar mensajes mixtos al cerebro, dicen estos investigadores. Esto se debe a que los peque\u00f1os cambios en el brillo que se producen vienen acompa\u00f1ados de colores que se parecen m\u00e1s al d\u00eda.<\/p>\n<\/div>\n<\/div>\n<div class=\"row pb-content-type-text\">\n<div class=\"col-xs-12 col-print-12\">\n<p class=\"element element-paragraph\">Cabe recordar que \u00e9ste es un estudio que propone una nueva explicaci\u00f3n. Habr\u00e1 que ver si en adelante surgen nuevas investigaciones que confirmen estos hallazgos o no<\/p>\n<\/div>\n<\/div>\n<\/div>\n<\/div>\n<\/div>\n<\/div>\n<\/div>\n<\/section>\n","protected":false},"excerpt":{"rendered":"<p>Esta opci\u00f3n permite ahorrar en el consumo de bater\u00eda. Para utilizar esta configuraci\u00f3n hay que actualizar la aplicaci\u00f3n. Explicaci\u00f3n paso a paso El \u201cmodo oscuro\u201d est\u00e1 disponible s\u00f3lo para los beta testers de Android (Foto: WABetaInfo) Finalmente\u00a0lleg\u00f3 el modo oscuro a WhatsApp. Tal como se ven\u00eda anticipando, la aplicaci\u00f3n en esta versi\u00f3n ofrece un fondo [&hellip;]<\/p>\n","protected":false},"author":1,"featured_media":35395,"comment_status":"closed","ping_status":"closed","sticky":false,"template":"","format":"standard","meta":{"footnotes":""},"categories":[11,12],"tags":[],"class_list":["post-35394","post","type-post","status-publish","format-standard","has-post-thumbnail","hentry","category-sociedad","category-tecnologia"],"_links":{"self":[{"href":"http:\/\/informateesquina.com\/index.php?rest_route=\/wp\/v2\/posts\/35394","targetHints":{"allow":["GET"]}}],"collection":[{"href":"http:\/\/informateesquina.com\/index.php?rest_route=\/wp\/v2\/posts"}],"about":[{"href":"http:\/\/informateesquina.com\/index.php?rest_route=\/wp\/v2\/types\/post"}],"author":[{"embeddable":true,"href":"http:\/\/informateesquina.com\/index.php?rest_route=\/wp\/v2\/users\/1"}],"replies":[{"embeddable":true,"href":"http:\/\/informateesquina.com\/index.php?rest_route=%2Fwp%2Fv2%2Fcomments&post=35394"}],"version-history":[{"count":0,"href":"http:\/\/informateesquina.com\/index.php?rest_route=\/wp\/v2\/posts\/35394\/revisions"}],"wp:featuredmedia":[{"embeddable":true,"href":"http:\/\/informateesquina.com\/index.php?rest_route=\/"}],"wp:attachment":[{"href":"http:\/\/informateesquina.com\/index.php?rest_route=%2Fwp%2Fv2%2Fmedia&parent=35394"}],"wp:term":[{"taxonomy":"category","embeddable":true,"href":"http:\/\/informateesquina.com\/index.php?rest_route=%2Fwp%2Fv2%2Fcategories&post=35394"},{"taxonomy":"post_tag","embeddable":true,"href":"http:\/\/informateesquina.com\/index.php?rest_route=%2Fwp%2Fv2%2Ftags&post=35394"}],"curies":[{"name":"wp","href":"https:\/\/api.w.org\/{rel}","templated":true}]}}