{"id":35397,"date":"2020-01-22T16:38:26","date_gmt":"2020-01-22T19:38:26","guid":{"rendered":"https:\/\/informateesquina.com\/?p=35397"},"modified":"2020-01-22T16:38:26","modified_gmt":"2020-01-22T19:38:26","slug":"capital-destapaba-un-cano-con-un-hierro-toco-un-cable-y-murio-electrocutado","status":"publish","type":"post","link":"http:\/\/informateesquina.com\/?p=35397","title":{"rendered":"Capital: Destapaba un ca\u00f1o con un hierro, toc\u00f3 un cable y muri\u00f3 electrocutado"},"content":{"rendered":"<p class=\"copete\">El tr\u00e1gico hecho ocurri\u00f3 anoche. Fue trasladado de urgencia al Hospital Escuela y a pesar de los esfuerzos,\u00a0\u00a0pasada la medianoche de este mi\u00e9rcoles, se produjo su deceso.<\/p>\n<div class=\"fotos-y-videos\">\n<div class=\"tab-content\">\n<div id=\"fotos\" class=\"tab-pane fade in active\" role=\"tabpanel\"><a class=\"fotos-desarrollo unlink\" title=\"Destapaba un ca\u00f1o con un hierro, toc\u00f3 un cable y muri\u00f3 electrocutado\" href=\"https:\/\/www.radiosudamericana.com\/notix\/multimedia\/imagenes\/fotos\/2020-01-22\/501759.jpg\"><img decoding=\"async\" class=\"img-responsive lazyload center-block\" src=\"https:\/\/www.radiosudamericana.com\/notix\/multimedia\/imagenes\/fotos\/2020-01-22\/501759.jpg\" alt=\"foto: Destapaba un ca\u00f1o con un hierro, toc\u00f3 un cable y muri\u00f3 electrocutado\" \/><\/a><\/div>\n<\/div>\n<\/div>\n<p>&nbsp;<\/p>\n<div class=\"audios-desarrollo\">\n<div id=\"audio-1\">\n<audio class=\"wp-audio-shortcode\" id=\"audio-35397-1\" preload=\"none\" style=\"width: 100%;\" controls=\"controls\"><source type=\"audio\/mpeg\" src=\"https:\/\/informateesquina.com\/wp-content\/uploads\/2020\/01\/ELECTRO.mp3?_=1\" \/><a href=\"https:\/\/informateesquina.com\/wp-content\/uploads\/2020\/01\/ELECTRO.mp3\">https:\/\/informateesquina.com\/wp-content\/uploads\/2020\/01\/ELECTRO.mp3<\/a><\/audio>\n<\/div>\n<\/div>\n<div class=\"cuerpo\">\n<p>Efectivos de la Comisaria Vig\u00e9sima Segunda, llevan a cabo labores investigativas en relaci\u00f3n a un hecho, en el cual un hombre de 45 a\u00f1os de edad, habr\u00eda fallecido tras recibir una descarga el\u00e9ctrica en momentos en que se hallaba trabajando en su domicilio.<\/p>\n<p>Seg\u00fan las primeras averiguaciones efectuadas, el hecho se habr\u00eda registrado ayer 21-01-20, alrededor de las 23:50 horas, en un domicilio ubicado en calle Moressi a la altura del 6700 aproximadamente. En el lugar, aparentemente cuando un hombre identificado como Fern\u00e1ndez, de 45 a\u00f1os de edad, se encontraba destapando una ca\u00f1er\u00eda con un hierro, accidentalmente habr\u00eda tocado con un extremo, un cable con corriente el\u00e9ctrica.<\/p>\n<p>Ante tal situaci\u00f3n, el hombre fue auxiliado y trasladado al Hospital Escuela, donde cerca de las 00:30 horas de hoy, lamentablemente se produjo su fallecimiento; desconoci\u00e9ndose a\u00fan m\u00e1s detalles y pormenores que rodearon al hecho.<\/p>\n<\/div>\n","protected":false},"excerpt":{"rendered":"<p>El tr\u00e1gico hecho ocurri\u00f3 anoche. Fue trasladado de urgencia al Hospital Escuela y a pesar de los esfuerzos,\u00a0\u00a0pasada la medianoche de este mi\u00e9rcoles, se produjo su deceso. &nbsp; Efectivos de la Comisaria Vig\u00e9sima Segunda, llevan a cabo labores investigativas en relaci\u00f3n a un hecho, en el cual un hombre de 45 a\u00f1os de edad, habr\u00eda [&hellip;]<\/p>\n","protected":false},"author":1,"featured_media":35399,"comment_status":"closed","ping_status":"closed","sticky":false,"template":"","format":"audio","meta":{"footnotes":""},"categories":[8],"tags":[],"class_list":["post-35397","post","type-post","status-publish","format-audio","has-post-thumbnail","hentry","category-policiales","post_format-post-format-audio"],"_links":{"self":[{"href":"http:\/\/informateesquina.com\/index.php?rest_route=\/wp\/v2\/posts\/35397","targetHints":{"allow":["GET"]}}],"collection":[{"href":"http:\/\/informateesquina.com\/index.php?rest_route=\/wp\/v2\/posts"}],"about":[{"href":"http:\/\/informateesquina.com\/index.php?rest_route=\/wp\/v2\/types\/post"}],"author":[{"embeddable":true,"href":"http:\/\/informateesquina.com\/index.php?rest_route=\/wp\/v2\/users\/1"}],"replies":[{"embeddable":true,"href":"http:\/\/informateesquina.com\/index.php?rest_route=%2Fwp%2Fv2%2Fcomments&post=35397"}],"version-history":[{"count":0,"href":"http:\/\/informateesquina.com\/index.php?rest_route=\/wp\/v2\/posts\/35397\/revisions"}],"wp:featuredmedia":[{"embeddable":true,"href":"http:\/\/informateesquina.com\/index.php?rest_route=\/"}],"wp:attachment":[{"href":"http:\/\/informateesquina.com\/index.php?rest_route=%2Fwp%2Fv2%2Fmedia&parent=35397"}],"wp:term":[{"taxonomy":"category","embeddable":true,"href":"http:\/\/informateesquina.com\/index.php?rest_route=%2Fwp%2Fv2%2Fcategories&post=35397"},{"taxonomy":"post_tag","embeddable":true,"href":"http:\/\/informateesquina.com\/index.php?rest_route=%2Fwp%2Fv2%2Ftags&post=35397"}],"curies":[{"name":"wp","href":"https:\/\/api.w.org\/{rel}","templated":true}]}}