{"id":35401,"date":"2020-01-22T16:47:04","date_gmt":"2020-01-22T19:47:04","guid":{"rendered":"https:\/\/informateesquina.com\/?p=35401"},"modified":"2020-01-22T16:47:04","modified_gmt":"2020-01-22T19:47:04","slug":"la-palabra-de-flor-vigna-reconciliada-con-nico-occhiato","status":"publish","type":"post","link":"http:\/\/informateesquina.com\/?p=35401","title":{"rendered":"La palabra de Flor Vigna, \u00bfreconciliada? con Nico Occhiato"},"content":{"rendered":"<p>La actriz habl\u00f3 con Teleshow del reencuentro con su ex, con quien estuvo de novia durante cinco a\u00f1os<\/p>\n<div class=\"row pb-content-type-text\">\n<div class=\"col-xs-12 col-print-12\">\n<p class=\"element element-paragraph\">&#8220;Creo que\u00a0<b>entendimos que nos amamos m\u00e1s all\u00e1 de cualquier v\u00ednculo o etiqueta. Nos amamos como personas. Es amor, yo la amo<\/b>. No hay un v\u00ednculo, no hay una etiqueta, no sabemos qu\u00e9 carajo va a pasar con nosotros\u201d, dec\u00eda en diciembre, luego de<a href=\"https:\/\/www.infobae.com\/teleshow\/infoshow\/2019\/12\/18\/despues-del-la-amo-de-nico-occhiato-y-no-era-necesario-de-mati-napp-la-palabra-de-flor-vigna\/\" target=\"_blank\" rel=\"noopener noreferrer\">\u00a0ganar el Bailando\u00a0<b>Nico Occhiato\u00a0<\/b><\/a><b>sobre Flor Vigna.<\/b><\/p>\n<\/div>\n<\/div>\n<div class=\"row pb-content-type-text\">\n<div class=\"col-xs-12 col-print-12\">\n<p class=\"element element-paragraph\">Un mes despu\u00e9s, la actriz de\u00a0<i>Una semana nada m\u00e1s<\/i>\u00a0confirm\u00f3 a\u00a0<mark class=\"hl_red\"><b>Teleshow\u00a0<\/b><\/mark>que se vieron, aunque su actual relaci\u00f3n no tiene r\u00f3tulos ni etiquetas.\u00a0<b>\u201cCon Nico no estamos juntos, los dos estamos solteros\u201d, dijo Flor, pero luego agreg\u00f3: \u201cS\u00ed, nos vimos una vez\u201d.<\/b><\/p>\n<\/div>\n<\/div>\n<div class=\"row pb-content-type-text\">\n<div class=\"col-xs-12 col-print-12\">\n<p class=\"element element-paragraph\"><b>\u201cNo tenemos ning\u00fan problema el uno con el otro, nos queremos mucho pero no estamos en pareja, cada uno puede estar con quien quiera, la decisi\u00f3n de estar solteros y hay mucho cari\u00f1o entre uno y el otro y nos podremos ver, est\u00e1 la puerta abierta, no est\u00e1 charlado ni nada, nos podemos ver como no, no hay una relaci\u00f3n<\/b>\u201d, dijo, dejando la puerta abierta.<\/p>\n<\/div>\n<\/div>\n<div class=\"row pb-content-type-image\">\n<figure class=\"element element-image col-xs-12\">\n<div class=\"single-image\">\n<div class=\"shares\">\n<div class=\"share-button facebook\" data-url=\"https:\/\/www.infobae.com\/teleshow\/infoshow\/2020\/01\/22\/la-palabra-de-flor-vigna-reconciliada-con-nico-occhiato-nos-vimos-una-vez-y\/%23P2AACKZOANEVLEXKWW3YQPGTD4\" data-original=\"https:\/\/arc-anglerfish-arc2-prod-infobae.s3.amazonaws.com\/public\/P2AACKZOANEVLEXKWW3YQPGTD4.jpg\"><\/div>\n<\/div>\n<p><img decoding=\"async\" id=\"P2AACKZOANEVLEXKWW3YQPGTD4\" class=\"image-lazy\" src=\"https:\/\/www.infobae.com\/new-resizer\/t1cDDkw6eXvTOfrHiI3pzTg8T5A=\/750x0\/filters:quality(100)\/arc-anglerfish-arc2-prod-infobae.s3.amazonaws.com\/public\/P2AACKZOANEVLEXKWW3YQPGTD4.jpg\" alt=\"Flor Vigna con Nico Occhiato (2017)\" width=\"750\" height=\"421.875\" data-url=\"https:\/\/www.infobae.com\/teleshow\/infoshow\/2020\/01\/22\/la-palabra-de-flor-vigna-reconciliada-con-nico-occhiato-nos-vimos-una-vez-y\/%23P2AACKZOANEVLEXKWW3YQPGTD4\" data-original=\"https:\/\/www.infobae.com\/new-resizer\/t1cDDkw6eXvTOfrHiI3pzTg8T5A=\/750x0\/filters:quality(100)\/arc-anglerfish-arc2-prod-infobae.s3.amazonaws.com\/public\/P2AACKZOANEVLEXKWW3YQPGTD4.jpg\" \/><\/div><figcaption class=\"\"><span class=\"credit\">Flor Vigna con Nico Occhiato (2017)<\/span><\/figcaption><\/figure>\n<\/div>\n<div class=\"row pb-content-type-text\">\n<div id=\"\" class=\"wrapper clearfix pb-feature pb-layout-item pb-f-ads-dfp\">\n<div id=\"inline\" class=\"ad-slot\">\n<div id=\"inline_ad\" data-google-query-id=\"CNy83pn7l-cCFSoGuQYdsw0M5g\">\n<div id=\"google_ads_iframe_\/1058609\/infobae\/teleshow\/nota\/inline_0__container__\"><iframe id=\"google_ads_iframe_\/1058609\/infobae\/teleshow\/nota\/inline_0\" title=\"3rd party ad content\" name=\"google_ads_iframe_\/1058609\/infobae\/teleshow\/nota\/inline_0\" width=\"1\" height=\"1\" frameborder=\"0\" marginwidth=\"0\" marginheight=\"0\" scrolling=\"no\" data-google-container-id=\"6\" data-load-complete=\"true\" data-mce-fragment=\"1\"><\/iframe><\/div>\n<\/div>\n<\/div>\n<\/div>\n<div class=\"col-xs-12 col-print-12\">\n<p class=\"element element-paragraph\"><b>Nico y Flor se conocieron en el 2014 cuando ambos eran participantes de\u00a0<\/b><i><b>Combate<\/b><\/i>. Juntos fueron creciendo en el medio (y en la vida) hasta hacerse un nombre que logr\u00f3 trascender el ciclo de El Nuev<b>e. Superaron algunas crisis, pero siempre lograron salir adelante como la dupla que eran dentro y fuera del programa.<\/b><\/p>\n<\/div>\n<\/div>\n<div class=\"row pb-content-type-text\">\n<div class=\"col-xs-12 col-print-12\">\n<p class=\"element element-paragraph\">Sin embargo, los compromisos laborales, el crecimiento exponencial de ella en su carrera, los tiempos y las ganas de \u00e9l de mudarse de la casa de sus padres a un departamento, solo, hicieron que en en abril del a\u00f1o pasado, la pareja pusiera fin a su noviazgo.<\/p>\n<\/div>\n<\/div>\n<div class=\"row pb-content-type-text\">\n<div class=\"col-xs-12 col-print-12\">\n<p class=\"element element-paragraph\">No hubo motivos puntuales que llevaran al la ruptura. Incluso siempre que tuvieron la oportunidad, hablaron maravillas el uno del otro. \u201cNo hubo una pelea y estamos los dos muy mal.\u00a0<b>Ella es la mujer m\u00e1s incre\u00edble que conoc\u00ed en mi vida<\/b>\u00a0y la sigo queriendo como desde el primer d\u00eda\u201d, decia \u00e9l. En el mismo sentido, ella: \u201cNos separamos hace un tiempito.\u00a0<b>Fue por decisi\u00f3n de Nico, que es re bueno. No s\u00e9 si vamos a volver<\/b>\u00a0y por eso no quer\u00eda hacerlo p\u00fablico\u201d.<\/p>\n<\/div>\n<\/div>\n<div class=\"row pb-content-type-text\">\n<div class=\"col-xs-12 col-print-12\">\n<p class=\"element element-paragraph\">Los ex novios se enfrentaron en diciembre en la final del\u00a0<i>Bailando\u00a0<\/i>que lo consagr\u00f3 a \u00e9l como ganador. All\u00ed vivieron un momento inc\u00f3modo luego de que<a href=\"https:\/\/www.infobae.com\/teleshow\/infoshow\/2019\/12\/17\/el-incomodo-momento-de-flor-vigna-tras-abrazar-a-nico-occhiato-en-la-final-corrio-hacia-mati-napp\/\" target=\"_blank\" rel=\"noopener noreferrer\">\u00a0ella lo abrazara, delante de Maty Napp,<\/a>\u00a0\u00a1su otro ex!\u00a0<b>\u201cNecesitaba ese abrazo con Nico porque lo quiero mucho y tambi\u00e9n necesitaba ese abrazo con Mati porque viv\u00ed muchas cosas con \u00e9l\u201d<\/b>, explic\u00f3 ella y el core\u00f3grafO asegur\u00f3 que \u201cno era necesario\u201d.<\/p>\n<\/div>\n<\/div>\n<div class=\"row pb-content-type-text\">\n<div class=\"col-xs-12 col-print-12\">\n<p class=\"element element-paragraph\">Lo cierto es que mucha agua corri\u00f3 bajo el puente y hoy, a pesar de que por cuestiones laborales nunca dejaron de verse,\u00a0<b>Flor y Nico se reencontraron, pero desde otro lugar. \u00bfHabr\u00e1 reconciliaci\u00f3n?<\/b><\/p>\n<\/div>\n<\/div>\n<div class=\"row pb-content-type-text\">\n<div class=\"col-xs-12 col-print-12\"><\/div>\n<\/div>\n<div class=\"row pb-content-type-text\">\n<div class=\"col-xs-12 col-print-12\">\n<p class=\"element element-paragraph\">\n<\/div>\n<\/div>\n","protected":false},"excerpt":{"rendered":"<p>La actriz habl\u00f3 con Teleshow del reencuentro con su ex, con quien estuvo de novia durante cinco a\u00f1os &#8220;Creo que\u00a0entendimos que nos amamos m\u00e1s all\u00e1 de cualquier v\u00ednculo o etiqueta. Nos amamos como personas. Es amor, yo la amo. No hay un v\u00ednculo, no hay una etiqueta, no sabemos qu\u00e9 carajo va a pasar con [&hellip;]<\/p>\n","protected":false},"author":1,"featured_media":35402,"comment_status":"closed","ping_status":"closed","sticky":false,"template":"","format":"standard","meta":{"footnotes":""},"categories":[4],"tags":[],"class_list":["post-35401","post","type-post","status-publish","format-standard","has-post-thumbnail","hentry","category-espectaculos"],"_links":{"self":[{"href":"http:\/\/informateesquina.com\/index.php?rest_route=\/wp\/v2\/posts\/35401","targetHints":{"allow":["GET"]}}],"collection":[{"href":"http:\/\/informateesquina.com\/index.php?rest_route=\/wp\/v2\/posts"}],"about":[{"href":"http:\/\/informateesquina.com\/index.php?rest_route=\/wp\/v2\/types\/post"}],"author":[{"embeddable":true,"href":"http:\/\/informateesquina.com\/index.php?rest_route=\/wp\/v2\/users\/1"}],"replies":[{"embeddable":true,"href":"http:\/\/informateesquina.com\/index.php?rest_route=%2Fwp%2Fv2%2Fcomments&post=35401"}],"version-history":[{"count":0,"href":"http:\/\/informateesquina.com\/index.php?rest_route=\/wp\/v2\/posts\/35401\/revisions"}],"wp:featuredmedia":[{"embeddable":true,"href":"http:\/\/informateesquina.com\/index.php?rest_route=\/"}],"wp:attachment":[{"href":"http:\/\/informateesquina.com\/index.php?rest_route=%2Fwp%2Fv2%2Fmedia&parent=35401"}],"wp:term":[{"taxonomy":"category","embeddable":true,"href":"http:\/\/informateesquina.com\/index.php?rest_route=%2Fwp%2Fv2%2Fcategories&post=35401"},{"taxonomy":"post_tag","embeddable":true,"href":"http:\/\/informateesquina.com\/index.php?rest_route=%2Fwp%2Fv2%2Ftags&post=35401"}],"curies":[{"name":"wp","href":"https:\/\/api.w.org\/{rel}","templated":true}]}}