{"id":35404,"date":"2020-01-22T16:51:04","date_gmt":"2020-01-22T19:51:04","guid":{"rendered":"https:\/\/informateesquina.com\/?p=35404"},"modified":"2020-01-22T16:51:04","modified_gmt":"2020-01-22T19:51:04","slug":"el-presidente-de-paraguay-fue-diagnosticado-con-dengue","status":"publish","type":"post","link":"http:\/\/informateesquina.com\/?p=35404","title":{"rendered":"El Presidente de Paraguay fue diagnosticado con dengue"},"content":{"rendered":"<p class=\"copete\">El ministro de Salud, Julio Mazzoleni, confirm\u00f3 este mi\u00e9rcoles que el presidente de Paraguay Mario Abdo Ben\u00edtez, tiene un cuadro de dengue. De momento, guardar\u00e1 reposo y descartan su internaci\u00f3n.<\/p>\n<div class=\"fotos-y-videos\">\n<p>&nbsp;<\/p>\n<div class=\"tab-content\">\n<div id=\"fotos\" class=\"tab-pane fade in active\" role=\"tabpanel\"><a class=\"fotos-desarrollo unlink\" title=\"Positivo: el Presidente de Paraguay fue diagnosticado con dengue \" href=\"https:\/\/www.radiosudamericana.com\/notix\/multimedia\/imagenes\/fotos\/2020-01-22\/730985.jpg\"><img decoding=\"async\" class=\"img-responsive lazyload center-block\" src=\"https:\/\/www.radiosudamericana.com\/notix\/multimedia\/imagenes\/fotos\/2020-01-22\/730985.jpg\" alt=\"foto: Positivo: el Presidente de Paraguay fue diagnosticado con dengue \" \/><\/a><\/div>\n<\/div>\n<\/div>\n<p>&nbsp;<\/p>\n<div class=\"cuerpo\">\n<p>La confirmaci\u00f3n se realiz\u00f3 en la ma\u00f1ana de este mi\u00e9rcoles. El presidente de Paraguay\u00a0se sinti\u00f3 mal ayer durante una gira en Alto Paran\u00e1. Solo pudo participar de una de las cinco actividades que ten\u00eda prevista.<\/p>\n<p>Tras avisar que sent\u00eda dolores, mareos y fiebre, el jefe de Estado fue trasladado r\u00e1pidamente en avi\u00f3n desde el Este hasta Asunci\u00f3n, a donde lleg\u00f3 alrededor del mediod\u00eda. En una conferencia de prensa, el ministro de Salud, Julio Mazzoleni \u2014 que estuvo con \u00e9l para los actos oficiales \u2014 inform\u00f3 que al jefe del Estado se le hicieron los an\u00e1lisis a trav\u00e9s del servicio de salud p\u00fablico.<\/p>\n<p>Los resultados estuvieron hoy: Abdo Ben\u00edtez tiene el serotipo 4 del dengue, una enfermedad transmitida a trav\u00e9s del mosquito Aedes aegypti. El titular de Salud inform\u00f3 en conferencia de prensa recogida por ABC TV que el presidente ya no tiene los s\u00edntomas de la enfermedad, pero que de igual forma guardar\u00e1 reposo por al menos dos d\u00edas y cumplir\u00e1 sus actividades oficiales en Mburuvicha Roga, la residencia presidencial.<\/p>\n<p>\u201cEst\u00e1 en muy buen estado general. Va a cumplir su agenda en Mburuvicha R\u00f3ga, con restricciones (&#8230;) Est\u00e1 asintom\u00e1tico en este momento, vamos a estar control\u00e1ndolo en estas 24 a 48 horas y, en base a su evoluci\u00f3n, estar\u00e1 retomando sus funciones normales\u201d, explic\u00f3 el ministro de Salud.<\/p>\n<p>Mazzoleni resalt\u00f3 que los efectos de la enfermedad var\u00edan en cada persona y destac\u00f3 que el presidente \u201ces un hombre sano\u201d. \u201c\u00c9l ya no tiene s\u00edntomas en este momento (&#8230;) Las personas pueden tener efectos de mayor o menos intensidad; recordemos que el presidente es un hombre muy sano, pertenece a un grupo sin factores de riesgo. No tiene enfermedad conocida, no toma ning\u00fan medicamento\u201d, manifest\u00f3.<\/p>\n<p>El ministro de Salud asegur\u00f3 que la cartera a su cargo tiene existencia de medicamentos para tratar el dengue por al menos tres meses m\u00e1s. Las notificaciones por posibles casos de la enfermedad suman unas 3.500 y se espera que este n\u00famero se duplique pr\u00f3ximamente.<\/p>\n<p>Los casos confirmados suman unos 1.800, record\u00f3. Existen tambi\u00e9n dos fallecidos a causa del dengue y otras 14 muertes a\u00fan en estudio.<\/p>\n<\/div>\n","protected":false},"excerpt":{"rendered":"<p>El ministro de Salud, Julio Mazzoleni, confirm\u00f3 este mi\u00e9rcoles que el presidente de Paraguay Mario Abdo Ben\u00edtez, tiene un cuadro de dengue. De momento, guardar\u00e1 reposo y descartan su internaci\u00f3n. &nbsp; &nbsp; La confirmaci\u00f3n se realiz\u00f3 en la ma\u00f1ana de este mi\u00e9rcoles. El presidente de Paraguay\u00a0se sinti\u00f3 mal ayer durante una gira en Alto Paran\u00e1. [&hellip;]<\/p>\n","protected":false},"author":1,"featured_media":35405,"comment_status":"closed","ping_status":"closed","sticky":false,"template":"","format":"standard","meta":{"footnotes":""},"categories":[5],"tags":[136],"class_list":["post-35404","post","type-post","status-publish","format-standard","has-post-thumbnail","hentry","category-internacionales","tag-destacados"],"_links":{"self":[{"href":"http:\/\/informateesquina.com\/index.php?rest_route=\/wp\/v2\/posts\/35404","targetHints":{"allow":["GET"]}}],"collection":[{"href":"http:\/\/informateesquina.com\/index.php?rest_route=\/wp\/v2\/posts"}],"about":[{"href":"http:\/\/informateesquina.com\/index.php?rest_route=\/wp\/v2\/types\/post"}],"author":[{"embeddable":true,"href":"http:\/\/informateesquina.com\/index.php?rest_route=\/wp\/v2\/users\/1"}],"replies":[{"embeddable":true,"href":"http:\/\/informateesquina.com\/index.php?rest_route=%2Fwp%2Fv2%2Fcomments&post=35404"}],"version-history":[{"count":0,"href":"http:\/\/informateesquina.com\/index.php?rest_route=\/wp\/v2\/posts\/35404\/revisions"}],"wp:featuredmedia":[{"embeddable":true,"href":"http:\/\/informateesquina.com\/index.php?rest_route=\/"}],"wp:attachment":[{"href":"http:\/\/informateesquina.com\/index.php?rest_route=%2Fwp%2Fv2%2Fmedia&parent=35404"}],"wp:term":[{"taxonomy":"category","embeddable":true,"href":"http:\/\/informateesquina.com\/index.php?rest_route=%2Fwp%2Fv2%2Fcategories&post=35404"},{"taxonomy":"post_tag","embeddable":true,"href":"http:\/\/informateesquina.com\/index.php?rest_route=%2Fwp%2Fv2%2Ftags&post=35404"}],"curies":[{"name":"wp","href":"https:\/\/api.w.org\/{rel}","templated":true}]}}