{"id":35407,"date":"2020-01-22T16:59:29","date_gmt":"2020-01-22T19:59:29","guid":{"rendered":"https:\/\/informateesquina.com\/?p=35407"},"modified":"2020-01-22T16:59:29","modified_gmt":"2020-01-22T19:59:29","slug":"la-rae-confirmo-que-a-una-mujer-se-le-dice-presidenta","status":"publish","type":"post","link":"http:\/\/informateesquina.com\/?p=35407","title":{"rendered":"La RAE confirm\u00f3 que a una mujer se le dice \u00abpresidenta\u00bb"},"content":{"rendered":"<p>Tras el cruce de Cristina Kirchner con el senador Jos\u00e9 Mayans, una usuaria consult\u00f3 a la RAE en Twitter c\u00f3mo era la forma correcta de llamar a una mujer, si \u201cpresidente o presidenta\u201d.<\/p>\n<p>En su debut en el Senado hace algunas semanas, la vicepresidenta Cristina Fern\u00e1ndez Kirchner ret\u00f3 en varias oportunidades al senador Jos\u00e9 Mayans por llamarla \u00abpresidente\u00bb y no \u00abpresidenta\u00bb.<\/p>\n<p>La intervenci\u00f3n de la actual presidenta interina gener\u00f3 un enorme debate sobre el modo correcto de llamar a una mujer que ocupa ese cargo. La usuaria de Twitter Sabrina Fern\u00e1ndez le envi\u00f3 la duda a la Real Academia Espa\u00f1ola: \u00abLa se\u00f1ora @CFKArgentina reclama que le digan \u00abpresidenta\u00bb y est\u00e1 obsesionada con hacer terminar en \u00abA\u00bb palabras que terminan con otras letras, aqu\u00ed les dejo un ejemplo de lo que hace, espero puedan decir algo al respecto porque es muy terca, gracias, saludos\u00bb.<\/p>\n<div class=\"bdE3qrkM\">\n<div id=\"div-gpt-ad-1519828256518-0\" data-google-query-id=\"CMO9-Mf9l-cCFcktuQYdSaMF5w\">\n<div id=\"google_ads_iframe_\/20622042\/clasificados_home_1_0__container__\"><\/div>\n<\/div>\n<\/div>\n<p>Desde la RAE respondieron y sentaron posici\u00f3n sobre el debate generado por CFK: \u00abEn referencia a una mujer, la opci\u00f3n m\u00e1s adecuada hoy es usar la forma \u00abpresidenta\u00bb, femenino documentado en espa\u00f1ol desde el s. XV y presente en el diccionario acad\u00e9mico desde 1803\u2033.<\/p>\n<p>Fuente: Telefe Noticias<\/p>\n","protected":false},"excerpt":{"rendered":"<p>Tras el cruce de Cristina Kirchner con el senador Jos\u00e9 Mayans, una usuaria consult\u00f3 a la RAE en Twitter c\u00f3mo era la forma correcta de llamar a una mujer, si \u201cpresidente o presidenta\u201d. En su debut en el Senado hace algunas semanas, la vicepresidenta Cristina Fern\u00e1ndez Kirchner ret\u00f3 en varias oportunidades al senador Jos\u00e9 Mayans [&hellip;]<\/p>\n","protected":false},"author":1,"featured_media":35409,"comment_status":"closed","ping_status":"closed","sticky":false,"template":"","format":"video","meta":{"footnotes":""},"categories":[7],"tags":[136],"class_list":["post-35407","post","type-post","status-publish","format-video","has-post-thumbnail","hentry","category-nacionales","tag-destacados","post_format-post-format-video"],"_links":{"self":[{"href":"http:\/\/informateesquina.com\/index.php?rest_route=\/wp\/v2\/posts\/35407","targetHints":{"allow":["GET"]}}],"collection":[{"href":"http:\/\/informateesquina.com\/index.php?rest_route=\/wp\/v2\/posts"}],"about":[{"href":"http:\/\/informateesquina.com\/index.php?rest_route=\/wp\/v2\/types\/post"}],"author":[{"embeddable":true,"href":"http:\/\/informateesquina.com\/index.php?rest_route=\/wp\/v2\/users\/1"}],"replies":[{"embeddable":true,"href":"http:\/\/informateesquina.com\/index.php?rest_route=%2Fwp%2Fv2%2Fcomments&post=35407"}],"version-history":[{"count":0,"href":"http:\/\/informateesquina.com\/index.php?rest_route=\/wp\/v2\/posts\/35407\/revisions"}],"wp:featuredmedia":[{"embeddable":true,"href":"http:\/\/informateesquina.com\/index.php?rest_route=\/"}],"wp:attachment":[{"href":"http:\/\/informateesquina.com\/index.php?rest_route=%2Fwp%2Fv2%2Fmedia&parent=35407"}],"wp:term":[{"taxonomy":"category","embeddable":true,"href":"http:\/\/informateesquina.com\/index.php?rest_route=%2Fwp%2Fv2%2Fcategories&post=35407"},{"taxonomy":"post_tag","embeddable":true,"href":"http:\/\/informateesquina.com\/index.php?rest_route=%2Fwp%2Fv2%2Ftags&post=35407"}],"curies":[{"name":"wp","href":"https:\/\/api.w.org\/{rel}","templated":true}]}}