{"id":35413,"date":"2020-01-22T17:15:09","date_gmt":"2020-01-22T20:15:09","guid":{"rendered":"https:\/\/informateesquina.com\/?p=35413"},"modified":"2020-01-22T17:15:09","modified_gmt":"2020-01-22T20:15:09","slug":"bagley-paralizo-su-produccion-y-suspendio-a-370-empleados","status":"publish","type":"post","link":"http:\/\/informateesquina.com\/?p=35413","title":{"rendered":"Bagley paraliz\u00f3 su producci\u00f3n y suspendi\u00f3 a 370 empleados"},"content":{"rendered":"<p class=\"copete\">La empresa radicada en C\u00f3rdoba explic\u00f3 que se debe a la acumulaci\u00f3n de stock a ra\u00edz de la baja demanda y que ser\u00e1 por dos semanas<\/p>\n<div class=\"fotos-y-videos\">\n<ul class=\"nav nav-tabs\" role=\"tablist\">\n<li class=\"active\" role=\"presentation\"><\/li>\n<\/ul>\n<div class=\"tab-content\">\n<div id=\"fotos\" class=\"tab-pane fade in active\" role=\"tabpanel\"><a class=\"fotos-desarrollo unlink\" title=\"Bagley paraliz\u00f3 su producci\u00f3n y suspendi\u00f3 a 370 empleados\" href=\"https:\/\/www.radiosudamericana.com\/notix\/multimedia\/imagenes\/fotos\/2020-01-22\/856556.jpg\"><img decoding=\"async\" class=\"img-responsive lazyload center-block\" src=\"https:\/\/www.radiosudamericana.com\/notix\/multimedia\/imagenes\/fotos\/2020-01-22\/856556.jpg\" alt=\"foto: Bagley paraliz\u00f3 su producci\u00f3n y suspendi\u00f3 a 370 empleados\" \/><\/a><\/div>\n<\/div>\n<\/div>\n<p>&nbsp;<\/p>\n<div class=\"cuerpo\">\n<p>La reconocida marca de galletitas\u00a0Bagley\u00a0-perteneciente al Grupo Arcor-\u00a0suspendi\u00f3 el pasado lunes a 370 empleados\u00a0y paraliz\u00f3 su producci\u00f3n en la planta que tiene en C\u00f3rdoba. La medida de la empresa se dio por acumulaci\u00f3n de stock y ser\u00e1 por el plazo de dos semanas.<\/p>\n<p>La recesi\u00f3n econ\u00f3mica y la ca\u00edda generalizada del consumo impact\u00f3 de lleno en la compa\u00f1\u00eda en la que, seg\u00fan explicaron sus voceros, la baja demanda provoc\u00f3 la acumulaci\u00f3n de stock.<\/p>\n<p>La resoluci\u00f3n de la empresa de otorgar vacaciones obligadas durante 15 d\u00edas a 370 empleados es similar a la que tom\u00f3\u00a0el pasado mes de octubre, cuando suspendi\u00f3 a 1300 trabajadores de otras dos plantas que tiene en C\u00f3rdoba.\u00a0En aquella oportunidad, Arcor aplic\u00f3 la medida sobre 2500 empleados en total, repartidos en f\u00e1bricas de C\u00f3rdoba, San Luis, Buenos Aires y Tucum\u00e1n.<\/p>\n<p>En esta ocasi\u00f3n, la suspensi\u00f3n, que se determin\u00f3 el lunes,\u00a0ser\u00e1 hasta el 3 de febrero\u00a0cuando el personal retome la actividad.<\/p>\n<p>Desde el Sindicato de la Alimentaci\u00f3n (STIA) de C\u00f3rdoba informaron a\u00a0El Cronista\u00a0que la empresa negoci\u00f3 que\u00a0los operarios suspendidos percibir\u00e1n el 75% de su salario bruto durante las dos semanas que permanecer\u00e1 cerrado el predio.\u00a0\u201cDe esta manera, recibir\u00e1n una suma de dinero y no se ver\u00e1n afectados por la suspensi\u00f3n\u201d, expresaron.<\/p>\n<p>Si bien en gran parte es controlada por el Grupo Arcor, Bagley es due\u00f1a de importantes marcas de galletitas, alfajores y snacks entre los que se destacan:\u00a0Chocolinas, Rumba, Opera, Surtido Bagley, Merengadas, Sonrisas, Rex y Kesitas.\u00a0Adem\u00e1s de la planta de la ciudad de C\u00f3rdoba, posee otros cuatro complejos industriales en la provincia, adem\u00e1s de dos f\u00e1bricas en Brasil y una en Chile, convirti\u00e9ndose en una de las mayores fabricantes a nivel regional.<\/p>\n<p>La decisi\u00f3n de la empresa se dio a conocer a la parr del informe de la Uni\u00f3n Industrial Argentina (UIA) correspondiente a noviembre, en el que expres\u00f3 que el nivel de actividad fabril registr\u00f3 una ca\u00edda de 3,1%, acumulando un retroceso de 6,9% durante 11 meses de 2019.<\/p>\n<\/div>\n","protected":false},"excerpt":{"rendered":"<p>La empresa radicada en C\u00f3rdoba explic\u00f3 que se debe a la acumulaci\u00f3n de stock a ra\u00edz de la baja demanda y que ser\u00e1 por dos semanas &nbsp; La reconocida marca de galletitas\u00a0Bagley\u00a0-perteneciente al Grupo Arcor-\u00a0suspendi\u00f3 el pasado lunes a 370 empleados\u00a0y paraliz\u00f3 su producci\u00f3n en la planta que tiene en C\u00f3rdoba. La medida de la [&hellip;]<\/p>\n","protected":false},"author":1,"featured_media":35414,"comment_status":"closed","ping_status":"closed","sticky":false,"template":"","format":"standard","meta":{"footnotes":""},"categories":[7],"tags":[136],"class_list":["post-35413","post","type-post","status-publish","format-standard","has-post-thumbnail","hentry","category-nacionales","tag-destacados"],"_links":{"self":[{"href":"http:\/\/informateesquina.com\/index.php?rest_route=\/wp\/v2\/posts\/35413","targetHints":{"allow":["GET"]}}],"collection":[{"href":"http:\/\/informateesquina.com\/index.php?rest_route=\/wp\/v2\/posts"}],"about":[{"href":"http:\/\/informateesquina.com\/index.php?rest_route=\/wp\/v2\/types\/post"}],"author":[{"embeddable":true,"href":"http:\/\/informateesquina.com\/index.php?rest_route=\/wp\/v2\/users\/1"}],"replies":[{"embeddable":true,"href":"http:\/\/informateesquina.com\/index.php?rest_route=%2Fwp%2Fv2%2Fcomments&post=35413"}],"version-history":[{"count":0,"href":"http:\/\/informateesquina.com\/index.php?rest_route=\/wp\/v2\/posts\/35413\/revisions"}],"wp:featuredmedia":[{"embeddable":true,"href":"http:\/\/informateesquina.com\/index.php?rest_route=\/"}],"wp:attachment":[{"href":"http:\/\/informateesquina.com\/index.php?rest_route=%2Fwp%2Fv2%2Fmedia&parent=35413"}],"wp:term":[{"taxonomy":"category","embeddable":true,"href":"http:\/\/informateesquina.com\/index.php?rest_route=%2Fwp%2Fv2%2Fcategories&post=35413"},{"taxonomy":"post_tag","embeddable":true,"href":"http:\/\/informateesquina.com\/index.php?rest_route=%2Fwp%2Fv2%2Ftags&post=35413"}],"curies":[{"name":"wp","href":"https:\/\/api.w.org\/{rel}","templated":true}]}}