{"id":35426,"date":"2020-01-22T22:06:05","date_gmt":"2020-01-23T01:06:05","guid":{"rendered":"https:\/\/informateesquina.com\/?p=35426"},"modified":"2020-01-22T22:06:05","modified_gmt":"2020-01-23T01:06:05","slug":"karen-vasquez-la-flamante-bastonera-de-esquina-samba-show","status":"publish","type":"post","link":"http:\/\/informateesquina.com\/?p=35426","title":{"rendered":"Karen V\u00e1squez, la flamante bastonera de Esquina Samba Show"},"content":{"rendered":"<p>Karen V\u00e1squez, tiene 20 a\u00f1os y es la bastonera de Esquina Samba Show. En dialog\u00f3 con Comunic\u00e1ndonos Esquina habl\u00f3 de los ensayos, de su experiencia como comparsera y de c\u00f3mo se est\u00e1 preparando para la edici\u00f3n 2020 del carnaval esqu\u00ednense.<\/p>\n<audio class=\"wp-audio-shortcode\" id=\"audio-35426-1\" preload=\"none\" style=\"width: 100%;\" controls=\"controls\"><source type=\"audio\/ogg\" src=\"https:\/\/informateesquina.com\/wp-content\/uploads\/2020\/01\/WhatsApp-Audio-2020-01-22-at-9.17.47-PM.ogg?_=1\" \/><a href=\"https:\/\/informateesquina.com\/wp-content\/uploads\/2020\/01\/WhatsApp-Audio-2020-01-22-at-9.17.47-PM.ogg\">https:\/\/informateesquina.com\/wp-content\/uploads\/2020\/01\/WhatsApp-Audio-2020-01-22-at-9.17.47-PM.ogg<\/a><\/audio>\n<p>\u201cBaile 3 a\u00f1os en Yas\u00ed Ber\u00e1 y el cuarto a\u00f1o me propusieron bailar en Samba y dije &lt;&lt;s\u00ed, por qu\u00e9 no&gt;&gt; y bueno\u2026.espero seguir bailando\u201d. \u201cHace aproximadamente 5 a\u00f1os estoy en Esquina Samba Show y este es mi primer a\u00f1o como bastonera, todos los a\u00f1os anteriores estuve como figura\u201d, expres\u00f3.<\/p>\n<p>\u201cEstoy feliz y agradecida por haberme elegido, es un puesto en el que creo que cualquiera quiere estar\u201d, dijo.<\/p>\n<p>Si bien no brind\u00f3 detalles sobre c\u00f3mo ser\u00e1 su traje se\u00f1al\u00f3: \u201cMe falta poquito para terminar\u201d y agradeci\u00f3 a quienes la est\u00e1n ayudando a bordar.<\/p>\n<p><img loading=\"lazy\" decoding=\"async\" class=\"alignnone size-medium wp-image-35427\" src=\"https:\/\/informateesquina.com\/wp-content\/uploads\/2020\/01\/503833d6-aa9e-4c64-8202-6de288864556-300x300.jpg\" alt=\"\" width=\"300\" height=\"300\" \/><\/p>\n","protected":false},"excerpt":{"rendered":"<p>Karen V\u00e1squez, tiene 20 a\u00f1os y es la bastonera de Esquina Samba Show. En dialog\u00f3 con Comunic\u00e1ndonos Esquina habl\u00f3 de los ensayos, de su experiencia como comparsera y de c\u00f3mo se est\u00e1 preparando para la edici\u00f3n 2020 del carnaval esqu\u00ednense. \u201cBaile 3 a\u00f1os en Yas\u00ed Ber\u00e1 y el cuarto a\u00f1o me propusieron bailar en Samba [&hellip;]<\/p>\n","protected":false},"author":1,"featured_media":35427,"comment_status":"closed","ping_status":"closed","sticky":false,"template":"","format":"audio","meta":{"footnotes":""},"categories":[6],"tags":[136],"class_list":["post-35426","post","type-post","status-publish","format-audio","has-post-thumbnail","hentry","category-locales","tag-destacados","post_format-post-format-audio"],"_links":{"self":[{"href":"http:\/\/informateesquina.com\/index.php?rest_route=\/wp\/v2\/posts\/35426","targetHints":{"allow":["GET"]}}],"collection":[{"href":"http:\/\/informateesquina.com\/index.php?rest_route=\/wp\/v2\/posts"}],"about":[{"href":"http:\/\/informateesquina.com\/index.php?rest_route=\/wp\/v2\/types\/post"}],"author":[{"embeddable":true,"href":"http:\/\/informateesquina.com\/index.php?rest_route=\/wp\/v2\/users\/1"}],"replies":[{"embeddable":true,"href":"http:\/\/informateesquina.com\/index.php?rest_route=%2Fwp%2Fv2%2Fcomments&post=35426"}],"version-history":[{"count":0,"href":"http:\/\/informateesquina.com\/index.php?rest_route=\/wp\/v2\/posts\/35426\/revisions"}],"wp:featuredmedia":[{"embeddable":true,"href":"http:\/\/informateesquina.com\/index.php?rest_route=\/"}],"wp:attachment":[{"href":"http:\/\/informateesquina.com\/index.php?rest_route=%2Fwp%2Fv2%2Fmedia&parent=35426"}],"wp:term":[{"taxonomy":"category","embeddable":true,"href":"http:\/\/informateesquina.com\/index.php?rest_route=%2Fwp%2Fv2%2Fcategories&post=35426"},{"taxonomy":"post_tag","embeddable":true,"href":"http:\/\/informateesquina.com\/index.php?rest_route=%2Fwp%2Fv2%2Ftags&post=35426"}],"curies":[{"name":"wp","href":"https:\/\/api.w.org\/{rel}","templated":true}]}}