{"id":35437,"date":"2020-01-23T16:20:24","date_gmt":"2020-01-23T19:20:24","guid":{"rendered":"https:\/\/informateesquina.com\/?p=35437"},"modified":"2020-01-23T16:20:24","modified_gmt":"2020-01-23T19:20:24","slug":"suecia-en-lugar-de-los-horarios-del-tren-difundieron-imagenes-pornograficas","status":"publish","type":"post","link":"http:\/\/informateesquina.com\/?p=35437","title":{"rendered":"Suecia: En lugar de los horarios del tren, difundieron im\u00e1genes pornogr\u00e1ficas"},"content":{"rendered":"<p class=\"copete\">El ins\u00f3lito suceso ocurri\u00f3 en\u00a0la estaci\u00f3n central de autobuses y ferroviaria de Kalmar, en el sudeste de Suecia. Dur\u00f3 unos 15 minutos antes de la intervenci\u00f3n de los t\u00e9cnicos.<\/p>\n<p>La estaci\u00f3n central de autobuses y ferroviaria de Kalmar, en el sudeste de\u00a0Suecia, fue escenario de un ins\u00f3lito suceso. Una pantalla interactiva\u00a0difundi\u00f3 im\u00e1genes pornogr\u00e1ficas donde\u00a0los habituales horarios y anuncios publicitarios, inform\u00f3 el viernes el operador del transporte p\u00fablico local.<\/p>\n<p>El accidente dur\u00f3 unos 15 minutos antes de la intervenci\u00f3n de los t\u00e9cnicos.\u00a0\u201cHemos sido informados por un conductor de bus que alguien difund\u00eda im\u00e1genes pornogr\u00e1ficas en una de nuestras pantallas\u201d,\u00a0indic\u00f3 a la AFP\u00a0Karl-Johan Bodell, director del tr\u00e1fico de Transportes P\u00fablicos de la regi\u00f3n, KLT.<\/p>\n<p>Desde la empresa comenzaron una investigaci\u00f3n para determinar qu\u00e9 ocurri\u00f3 y prevenir que vuelva a pesar. Las principales hip\u00f3tesis ser\u00edan que se trat\u00f3 de una broma, o alguien estaba mirando lo que no ten\u00eda que mirar en horario de trabajo.<\/p>\n<p>Tambi\u00e9n sostienen\u00a0que podr\u00eda haber sido un grupo de hackers detr\u00e1s del hecho.\u00a0Bodell reconoci\u00f3 que\u00a0\u201cesto es lo primero que me vino a la mente\u201d.<\/p>\n","protected":false},"excerpt":{"rendered":"<p>El ins\u00f3lito suceso ocurri\u00f3 en\u00a0la estaci\u00f3n central de autobuses y ferroviaria de Kalmar, en el sudeste de Suecia. Dur\u00f3 unos 15 minutos antes de la intervenci\u00f3n de los t\u00e9cnicos. La estaci\u00f3n central de autobuses y ferroviaria de Kalmar, en el sudeste de\u00a0Suecia, fue escenario de un ins\u00f3lito suceso. Una pantalla interactiva\u00a0difundi\u00f3 im\u00e1genes pornogr\u00e1ficas donde\u00a0los habituales [&hellip;]<\/p>\n","protected":false},"author":1,"featured_media":35438,"comment_status":"closed","ping_status":"closed","sticky":false,"template":"","format":"standard","meta":{"footnotes":""},"categories":[5],"tags":[],"class_list":["post-35437","post","type-post","status-publish","format-standard","has-post-thumbnail","hentry","category-internacionales"],"_links":{"self":[{"href":"http:\/\/informateesquina.com\/index.php?rest_route=\/wp\/v2\/posts\/35437","targetHints":{"allow":["GET"]}}],"collection":[{"href":"http:\/\/informateesquina.com\/index.php?rest_route=\/wp\/v2\/posts"}],"about":[{"href":"http:\/\/informateesquina.com\/index.php?rest_route=\/wp\/v2\/types\/post"}],"author":[{"embeddable":true,"href":"http:\/\/informateesquina.com\/index.php?rest_route=\/wp\/v2\/users\/1"}],"replies":[{"embeddable":true,"href":"http:\/\/informateesquina.com\/index.php?rest_route=%2Fwp%2Fv2%2Fcomments&post=35437"}],"version-history":[{"count":0,"href":"http:\/\/informateesquina.com\/index.php?rest_route=\/wp\/v2\/posts\/35437\/revisions"}],"wp:featuredmedia":[{"embeddable":true,"href":"http:\/\/informateesquina.com\/index.php?rest_route=\/"}],"wp:attachment":[{"href":"http:\/\/informateesquina.com\/index.php?rest_route=%2Fwp%2Fv2%2Fmedia&parent=35437"}],"wp:term":[{"taxonomy":"category","embeddable":true,"href":"http:\/\/informateesquina.com\/index.php?rest_route=%2Fwp%2Fv2%2Fcategories&post=35437"},{"taxonomy":"post_tag","embeddable":true,"href":"http:\/\/informateesquina.com\/index.php?rest_route=%2Fwp%2Fv2%2Ftags&post=35437"}],"curies":[{"name":"wp","href":"https:\/\/api.w.org\/{rel}","templated":true}]}}