{"id":35450,"date":"2020-01-24T12:19:12","date_gmt":"2020-01-24T15:19:12","guid":{"rendered":"https:\/\/informateesquina.com\/?p=35450"},"modified":"2020-01-24T12:19:12","modified_gmt":"2020-01-24T15:19:12","slug":"capital-habria-estado-con-dos-amigos-consumiendo-hongos-alucinogenos-y-cayo-de-la-terraza-de-un-edificio","status":"publish","type":"post","link":"http:\/\/informateesquina.com\/?p=35450","title":{"rendered":"Capital: Habr\u00eda estado con dos amigos consumiendo hongos alucin\u00f3genos y cay\u00f3 de la terraza de un edificio"},"content":{"rendered":"<div class=\"col-md-12\">\n<div>\n<p style=\"text-align: center;\">El hecho se registr\u00f3 en horas de esta madrugada, en un edificio ubicado por calle Pellegrini al 1553. El cronista de radio Sudamericana inform\u00f3 desde el lugar que el joven se encuentra en consciente y fue trasladado por un amigo a la emergencia del Hospital Escuela.<\/p>\n<\/div>\n<div class=\"image_review_wrapper\">\n<div class=\"swiper-container swiper-container-horizontal swiper-container-android\">\n<div class=\"swiper-wrapper\">\n<div class=\"swiper-slide swiper-slide-active\"><a href=\"https:\/\/www.radiosudamericana.com\/notix\/multimedia\/imagenes\/fotos\/2020-01-24\/996212.jpg\"><img decoding=\"async\" class=\"img-responsive\" src=\"https:\/\/www.radiosudamericana.com\/notix\/multimedia\/imagenes\/fotos\/2020-01-24\/996212.jpg\" alt=\"Responsive image\" \/><\/a><\/div>\n<\/div>\n<\/div>\n<\/div>\n<\/div>\n<div class=\"col-md-12\"><\/div>\n<div class=\"col-md-12\">\n<div><audio src=\"https:\/\/www.radiosudamericana.com\/\/multimedia\/audios\/2020-01-24\/819531.mp3\" controls=\"controls\" data-mce-fragment=\"1\"><\/audio><audio src=\"https:\/\/www.radiosudamericana.com\/\/multimedia\/audios\/2020-01-24\/540912.mp3\" controls=\"controls\" data-mce-fragment=\"1\"><\/audio><\/div>\n<\/div>\n<p>Un joven habr\u00eda estado compartiendo con dos amigos en la noche de este jueves. Por causas que son materia de investigaci\u00f3n, este cay\u00f3 desde la terraza que se encuentra a la altura de un quinto piso. La primera versi\u00f3n indica que habr\u00eda estado \u201cconsumiendo hongos alucin\u00f3genos\u201d.<\/p>\n<p><strong>LA ZONA DONDE SE ENCUENTRA EL EDIFICIO<\/strong><\/p>\n<div id=\"embeds\" class=\"inser center-block\"><iframe loading=\"lazy\" src=\"https:\/\/www.google.com\/maps\/embed?pb=!4v1579861816296!6m8!1m7!1s8lWfXogbRYVlg97KofQ8yw!2m2!1d-27.46588757106836!2d-58.83077563393589!3f306.8768348094085!4f7.895190837517802!5f0.7820865974627469\" width=\"600\" height=\"450\" frameborder=\"0\" allowfullscreen=\"allowfullscreen\" data-mce-fragment=\"1\"><\/iframe><\/div>\n<p>El muchacho de 20 a\u00f1os, identificado como J. B. Mora Araujo, result\u00f3 con \u201cun fuerte traumatismo de t\u00f3rax y cr\u00e1neo\u201d. Ingres\u00f3 consciente al centro de salud y fue sometidos varios estudios entre radiograf\u00edas y tomograf\u00edas para determinar la complejidad de las lesiones y la posibilidad de que sea intervenido quir\u00fargicamente.<\/p>\n<p>Victoria, una vecina del joven comparti\u00f3 unas palabras con el m\u00f3vil de este medio y sostuvo \u201cbaj\u00e9 por los gritos\u201d, haciendo referencia al terrible momento en el que fueron a auxiliar al muchacho que cay\u00f3 de una altura de m\u00e1s de 10 metros e impacto con el cuerpo sobre la vereda del edificio ubicado por calle Pellegrini al 1553<\/p>\n","protected":false},"excerpt":{"rendered":"<p>El hecho se registr\u00f3 en horas de esta madrugada, en un edificio ubicado por calle Pellegrini al 1553. El cronista de radio Sudamericana inform\u00f3 desde el lugar que el joven se encuentra en consciente y fue trasladado por un amigo a la emergencia del Hospital Escuela. Un joven habr\u00eda estado compartiendo con dos amigos en [&hellip;]<\/p>\n","protected":false},"author":1,"featured_media":35451,"comment_status":"closed","ping_status":"closed","sticky":false,"template":"","format":"standard","meta":{"footnotes":""},"categories":[8],"tags":[],"class_list":["post-35450","post","type-post","status-publish","format-standard","has-post-thumbnail","hentry","category-policiales"],"_links":{"self":[{"href":"http:\/\/informateesquina.com\/index.php?rest_route=\/wp\/v2\/posts\/35450","targetHints":{"allow":["GET"]}}],"collection":[{"href":"http:\/\/informateesquina.com\/index.php?rest_route=\/wp\/v2\/posts"}],"about":[{"href":"http:\/\/informateesquina.com\/index.php?rest_route=\/wp\/v2\/types\/post"}],"author":[{"embeddable":true,"href":"http:\/\/informateesquina.com\/index.php?rest_route=\/wp\/v2\/users\/1"}],"replies":[{"embeddable":true,"href":"http:\/\/informateesquina.com\/index.php?rest_route=%2Fwp%2Fv2%2Fcomments&post=35450"}],"version-history":[{"count":0,"href":"http:\/\/informateesquina.com\/index.php?rest_route=\/wp\/v2\/posts\/35450\/revisions"}],"wp:featuredmedia":[{"embeddable":true,"href":"http:\/\/informateesquina.com\/index.php?rest_route=\/"}],"wp:attachment":[{"href":"http:\/\/informateesquina.com\/index.php?rest_route=%2Fwp%2Fv2%2Fmedia&parent=35450"}],"wp:term":[{"taxonomy":"category","embeddable":true,"href":"http:\/\/informateesquina.com\/index.php?rest_route=%2Fwp%2Fv2%2Fcategories&post=35450"},{"taxonomy":"post_tag","embeddable":true,"href":"http:\/\/informateesquina.com\/index.php?rest_route=%2Fwp%2Fv2%2Ftags&post=35450"}],"curies":[{"name":"wp","href":"https:\/\/api.w.org\/{rel}","templated":true}]}}