{"id":35453,"date":"2020-01-24T12:29:50","date_gmt":"2020-01-24T15:29:50","guid":{"rendered":"https:\/\/informateesquina.com\/?p=35453"},"modified":"2020-01-24T12:29:50","modified_gmt":"2020-01-24T15:29:50","slug":"tragico-nino-de-10-anos-murio-atragantado-con-un-trozo-de-carne","status":"publish","type":"post","link":"http:\/\/informateesquina.com\/?p=35453","title":{"rendered":"Tr\u00e1gico: ni\u00f1o de 10 a\u00f1os muri\u00f3 atragantado con un trozo de carne"},"content":{"rendered":"<div class=\"col-md-12\">\n<h6 style=\"text-align: left;\">El tr\u00e1gico hecho ocurri\u00f3 ayer por la tarde en Paso de la Patria. El peque\u00f1o se atragant\u00f3 con un trozo de carne y su mam\u00e1 lo traslad\u00f3 r\u00e1pidamente al hospital local. Familiares indicaron a Sudamericana que los m\u00e9dicos locales no pudieron socorrerlo porque \u201cno ten\u00edan los recursos necesarios\u201d. El ni\u00f1o muri\u00f3 camino al Pedi\u00e1trico Juan Pablo II.-<\/h6>\n<div class=\"image_review_wrapper\">\n<div class=\"swiper-container swiper-container-horizontal swiper-container-android\">\n<div class=\"swiper-wrapper\">\n<div class=\"swiper-slide swiper-slide-active\"><a href=\"https:\/\/www.radiosudamericana.com\/notix\/multimedia\/imagenes\/fotos\/2020-01-24\/814290.jpg\"><img decoding=\"async\" class=\"img-responsive\" src=\"https:\/\/www.radiosudamericana.com\/notix\/multimedia\/imagenes\/fotos\/2020-01-24\/814290.jpg\" alt=\"Responsive image\" \/><\/a><\/div>\n<\/div>\n<\/div>\n<\/div>\n<\/div>\n<div class=\"col-md-12\"><\/div>\n<div class=\"col-md-12\">\n<div><audio src=\"https:\/\/www.radiosudamericana.com\/\/multimedia\/audios\/2020-01-24\/335359.mp3\" controls=\"controls\" data-mce-fragment=\"1\"><\/audio><\/div>\n<\/div>\n<p>El tr\u00e1gico suceso ocurri\u00f3 en la tarde del jueves, en la localidad de Paso de la Patria. El ni\u00f1o de nombre Sergio de tan solo 10 a\u00f1os se atragant\u00f3 con un trozo de carne y fue r\u00e1pidamente trasladado al hospital local.<\/p>\n<p>\u201cLa mam\u00e1 lo llev\u00f3 al hospital y el m\u00e9dico le dijo que\u00a0 no ten\u00edan los recursos necesarios para sacarle la carne\u201d, dijo un t\u00edo del peque\u00f1o. Fue en ese momento cuando lo trasladan al Pedi\u00e1trico y pese a que la mam\u00e1 hac\u00eda reanimaci\u00f3n, Sergio muri\u00f3 camino al hospital.<\/p>\n","protected":false},"excerpt":{"rendered":"<p>El tr\u00e1gico hecho ocurri\u00f3 ayer por la tarde en Paso de la Patria. El peque\u00f1o se atragant\u00f3 con un trozo de carne y su mam\u00e1 lo traslad\u00f3 r\u00e1pidamente al hospital local. Familiares indicaron a Sudamericana que los m\u00e9dicos locales no pudieron socorrerlo porque \u201cno ten\u00edan los recursos necesarios\u201d. El ni\u00f1o muri\u00f3 camino al Pedi\u00e1trico Juan [&hellip;]<\/p>\n","protected":false},"author":1,"featured_media":35454,"comment_status":"closed","ping_status":"closed","sticky":false,"template":"","format":"standard","meta":{"footnotes":""},"categories":[8],"tags":[],"class_list":["post-35453","post","type-post","status-publish","format-standard","has-post-thumbnail","hentry","category-policiales"],"_links":{"self":[{"href":"http:\/\/informateesquina.com\/index.php?rest_route=\/wp\/v2\/posts\/35453","targetHints":{"allow":["GET"]}}],"collection":[{"href":"http:\/\/informateesquina.com\/index.php?rest_route=\/wp\/v2\/posts"}],"about":[{"href":"http:\/\/informateesquina.com\/index.php?rest_route=\/wp\/v2\/types\/post"}],"author":[{"embeddable":true,"href":"http:\/\/informateesquina.com\/index.php?rest_route=\/wp\/v2\/users\/1"}],"replies":[{"embeddable":true,"href":"http:\/\/informateesquina.com\/index.php?rest_route=%2Fwp%2Fv2%2Fcomments&post=35453"}],"version-history":[{"count":0,"href":"http:\/\/informateesquina.com\/index.php?rest_route=\/wp\/v2\/posts\/35453\/revisions"}],"wp:featuredmedia":[{"embeddable":true,"href":"http:\/\/informateesquina.com\/index.php?rest_route=\/"}],"wp:attachment":[{"href":"http:\/\/informateesquina.com\/index.php?rest_route=%2Fwp%2Fv2%2Fmedia&parent=35453"}],"wp:term":[{"taxonomy":"category","embeddable":true,"href":"http:\/\/informateesquina.com\/index.php?rest_route=%2Fwp%2Fv2%2Fcategories&post=35453"},{"taxonomy":"post_tag","embeddable":true,"href":"http:\/\/informateesquina.com\/index.php?rest_route=%2Fwp%2Fv2%2Ftags&post=35453"}],"curies":[{"name":"wp","href":"https:\/\/api.w.org\/{rel}","templated":true}]}}