{"id":35456,"date":"2020-01-24T15:32:55","date_gmt":"2020-01-24T18:32:55","guid":{"rendered":"https:\/\/informateesquina.com\/?p=35456"},"modified":"2020-01-24T15:32:55","modified_gmt":"2020-01-24T18:32:55","slug":"quien-era-fernando-alonso-el-actor-que-se-suicido-en-mar-del-plata","status":"publish","type":"post","link":"http:\/\/informateesquina.com\/?p=35456","title":{"rendered":"Qui\u00e9n era Fernando Alonso, el actor que se suicid\u00f3 en Mar del Plata"},"content":{"rendered":"<div class=\"pt-2\">\n<div class=\"col-12 headgroup\">\n<p class=\"headline\" style=\"text-align: center;\"><strong>El hombre que se dispar\u00f3 en el Auditorium ten\u00eda 57 a\u00f1os. El mensaje de sus compa\u00f1eros.<\/strong><\/p>\n<\/div>\n<div class=\"col-12 text-center\"><\/div>\n<\/div>\n<div class=\"main-image mt-3 p-0\">\n<div class=\"col-12 p-0\">\n<figure class=\"figure btn-open-gallery\"><img decoding=\"async\" class=\"figure-img img-fluid lazyload initial loaded\" src=\"https:\/\/via.placeholder.com\/1140x641?text=EXITOINA\" sizes=\"1140\" srcset=\"https:\/\/fotos.perfil.com\/2020\/01\/24\/trim\/270\/152\/fernando-javier-alonso-hijos-0124-907165.jpg 270w,https:\/\/fotos.perfil.com\/2020\/01\/24\/trim\/540\/304\/fernando-javier-alonso-hijos-0124-907165.jpg 540w,https:\/\/fotos.perfil.com\/2020\/01\/24\/trim\/720\/405\/fernando-javier-alonso-hijos-0124-907165.jpg 720w,https:\/\/fotos.perfil.com\/2020\/01\/24\/trim\/720\/355\/fernando-javier-alonso-hijos-0124-907165.jpg 720w,https:\/\/fotos.perfil.com\/2020\/01\/24\/trim\/960\/540\/fernando-javier-alonso-hijos-0124-907165.jpg 960w,https:\/\/fotos.perfil.com\/2020\/01\/24\/trim\/1140\/641\/fernando-javier-alonso-hijos-0124-907165.jpg 1140w,https:\/\/fotos.perfil.com\/2020\/01\/24\/trim\/1140\/540\/fernando-javier-alonso-hijos-0124-907165.jpg 1140w,\" alt=\"Fernando Javier Alonso\" data-srcset=\"https:\/\/fotos.perfil.com\/2020\/01\/24\/trim\/270\/152\/fernando-javier-alonso-hijos-0124-907165.jpg 270w,https:\/\/fotos.perfil.com\/2020\/01\/24\/trim\/540\/304\/fernando-javier-alonso-hijos-0124-907165.jpg 540w,https:\/\/fotos.perfil.com\/2020\/01\/24\/trim\/720\/405\/fernando-javier-alonso-hijos-0124-907165.jpg 720w,https:\/\/fotos.perfil.com\/2020\/01\/24\/trim\/720\/355\/fernando-javier-alonso-hijos-0124-907165.jpg 720w,https:\/\/fotos.perfil.com\/2020\/01\/24\/trim\/960\/540\/fernando-javier-alonso-hijos-0124-907165.jpg 960w,https:\/\/fotos.perfil.com\/2020\/01\/24\/trim\/1140\/641\/fernando-javier-alonso-hijos-0124-907165.jpg 1140w,https:\/\/fotos.perfil.com\/2020\/01\/24\/trim\/1140\/540\/fernando-javier-alonso-hijos-0124-907165.jpg 1140w,\" data-sizes=\"1140\" data-was-processed=\"true\" \/><figcaption class=\"figure-caption pb-1 pt-1 pl-2\">FERNANDO JAVIER ALONSO<\/figcaption><\/figure>\n<\/div>\n<\/div>\n<div class=\"new-body mt-3\">\n<div id=\"news-body\" class=\"col-12\">\n<p>El ambiente art\u00edstico y Mar del Plata est\u00e1n conmocionados por el fallecimiento de\u00a0<strong>Fernando Javier Alonso<\/strong>, artista que<strong>\u00a0decidi\u00f3 quitarse la vida de un disparo con un rev\u00f3lver calibre 32<\/strong>\u00a0y que cay\u00f3 al vac\u00edo desde el cuarto piso del\u00a0<strong>Teatro Auditorium<\/strong>\u00a0de la ciudad balnearia bonaerense.<\/p>\n<div class=\"media noticia-relacionada\">\n<div class=\"media-body\"><\/div>\n<\/div>\n<p>El difunto se desempe\u00f1aba como encargado del \u00e1rea de extensi\u00f3n cultural del complejo en el que se suicid\u00f3 y en el que trabajaba desde hace treinta a\u00f1os, pero adem\u00e1s\u00a0<strong>tuvo una extensa trayectoria en el arte siendo actor, productor y director teatral.<\/strong><\/p>\n<p>Alonso ten\u00eda 57 a\u00f1os,\u00a0<strong>era fan\u00e1tico del Club Estudiantes de La Plata<\/strong>,\u00a0<strong>pap\u00e1 de tres hijos<\/strong>\u00a0\u2013dos hombres y una mujer- y m\u00e1s all\u00e1 de su labor en el Auditorium, tambi\u00e9n despuntaba el vicio de su vocaci\u00f3n\u00a0<strong>siendo protagonista o dirigiendo varias obras de las que se presentaron all\u00ed<\/strong>, como por ejemplo, el cl\u00e1sico\u00a0<strong><em>Romeo y Julieta<\/em><\/strong>, del dramaturgo ingl\u00e9s William Shakespeare. Tambi\u00e9n hab\u00eda estado al frente, tanto en el escenario como en la producci\u00f3n y direcci\u00f3n, del exitoso musical folcl\u00f3rico infantil\u00a0<strong><em>Cazador de sue\u00f1os<\/em>,<\/strong>\u00a0en el que interpretaba a un personaje llamado\u00a0<strong>\u201cEl Viejo\u201d<\/strong>\u00a0que se dedicaba a contar cuentos, y que adem\u00e1s de haberse presentado en Mar del Plata tambi\u00e9n recorri\u00f3 varias provincias del resto del pa\u00eds entre los a\u00f1os 2012 y 2014.<\/p>\n<div class=\"media noticia-relacionada\">\n<div class=\"media-body\"><\/div>\n<\/div>\n<div>\n<figure class=\"image\"><img decoding=\"async\" src=\"http:\/\/fotos.perfil.com\/\/2020\/01\/24\/900\/0\/fernando-javier-alonso-hijos-0124-907166.jpg\" alt=\"fernando javier alonso hijos 0124\" \/><figcaption>ALONSO Y SUS TRES HIJOS<\/figcaption><\/figure>\n<\/div>\n<p>&nbsp;<\/p>\n<p><strong>\u201cPadre, amiguero, comediante en cada encuentro, ya lo extra\u00f1amos&#8230; parad\u00f3jica tristeza la de perder tu sonrisa\u201d<\/strong>, fue el mensaje con el que los despidieron sus compa\u00f1eros de trabajo en las redes sociales, totalmente impactados por la tr\u00e1gica noticia.<\/p>\n<div class=\"media noticia-relacionada\">\n<div class=\"media-body\"><\/div>\n<\/div>\n<p>Seg\u00fan el registro de recursos humanos del Auditorium, Alonso hab\u00eda ingresado cuarenta minutos antes de su muerte al lugar, y dej\u00f3 una mochila con sus pertenencias al lado de la ventana del cuarto piso del teatro que se encuentra ubicado a la altura del 2280 del Boulevard Maritimo Patricio Peralta Ramos, a una cuadra del Hotel Provincial, en donde se dispar\u00f3 en la boca a las 10:05 de la ma\u00f1ana. Tras el impacto de bala \u2013que qued\u00f3 alojada en su cr\u00e1neo- el cuerpo de Fernando se cay\u00f3 al vac\u00edo\u00a0<strong>y termin\u00f3 en una fosa,<\/strong>\u00a0sorprendiendo as\u00ed a los transe\u00fantes y turistas de \u201cLa Feliz\u201d que se convirtieron en testigos involuntarios de su suicidio.<\/p>\n<div class=\"media noticia-relacionada\">\n<div class=\"media-body\"><\/div>\n<\/div>\n<p>Fernando estaba separado de la mam\u00e1 de sus hijos y ten\u00eda una relaci\u00f3n con una actriz marplatense, quien se descompens\u00f3 al llegar al boulevard mar\u00edtimo y luego\u00a0reconoci\u00f3 el cuerpo ante el equipo forense.<\/p>\n<\/div>\n<\/div>\n","protected":false},"excerpt":{"rendered":"<p>El hombre que se dispar\u00f3 en el Auditorium ten\u00eda 57 a\u00f1os. El mensaje de sus compa\u00f1eros. FERNANDO JAVIER ALONSO El ambiente art\u00edstico y Mar del Plata est\u00e1n conmocionados por el fallecimiento de\u00a0Fernando Javier Alonso, artista que\u00a0decidi\u00f3 quitarse la vida de un disparo con un rev\u00f3lver calibre 32\u00a0y que cay\u00f3 al vac\u00edo desde el cuarto piso [&hellip;]<\/p>\n","protected":false},"author":1,"featured_media":35457,"comment_status":"closed","ping_status":"closed","sticky":false,"template":"","format":"standard","meta":{"footnotes":""},"categories":[4],"tags":[],"class_list":["post-35456","post","type-post","status-publish","format-standard","has-post-thumbnail","hentry","category-espectaculos"],"_links":{"self":[{"href":"http:\/\/informateesquina.com\/index.php?rest_route=\/wp\/v2\/posts\/35456","targetHints":{"allow":["GET"]}}],"collection":[{"href":"http:\/\/informateesquina.com\/index.php?rest_route=\/wp\/v2\/posts"}],"about":[{"href":"http:\/\/informateesquina.com\/index.php?rest_route=\/wp\/v2\/types\/post"}],"author":[{"embeddable":true,"href":"http:\/\/informateesquina.com\/index.php?rest_route=\/wp\/v2\/users\/1"}],"replies":[{"embeddable":true,"href":"http:\/\/informateesquina.com\/index.php?rest_route=%2Fwp%2Fv2%2Fcomments&post=35456"}],"version-history":[{"count":0,"href":"http:\/\/informateesquina.com\/index.php?rest_route=\/wp\/v2\/posts\/35456\/revisions"}],"wp:featuredmedia":[{"embeddable":true,"href":"http:\/\/informateesquina.com\/index.php?rest_route=\/"}],"wp:attachment":[{"href":"http:\/\/informateesquina.com\/index.php?rest_route=%2Fwp%2Fv2%2Fmedia&parent=35456"}],"wp:term":[{"taxonomy":"category","embeddable":true,"href":"http:\/\/informateesquina.com\/index.php?rest_route=%2Fwp%2Fv2%2Fcategories&post=35456"},{"taxonomy":"post_tag","embeddable":true,"href":"http:\/\/informateesquina.com\/index.php?rest_route=%2Fwp%2Fv2%2Ftags&post=35456"}],"curies":[{"name":"wp","href":"https:\/\/api.w.org\/{rel}","templated":true}]}}