{"id":35459,"date":"2020-01-24T15:47:39","date_gmt":"2020-01-24T18:47:39","guid":{"rendered":"https:\/\/informateesquina.com\/?p=35459"},"modified":"2020-01-24T15:47:39","modified_gmt":"2020-01-24T18:47:39","slug":"la-foto-inedita-de-susana-en-traje-de-bano","status":"publish","type":"post","link":"http:\/\/informateesquina.com\/?p=35459","title":{"rendered":"La foto in\u00e9dita de Susana en traje de ba\u00f1o"},"content":{"rendered":"<p class=\"headline\">La diva se anim\u00f3 a abrir un momento desconocido de su vida y caus\u00f3 revuelo en la red.<\/p>\n<p>&nbsp;<\/p>\n<p>Si bien las \u00faltimas no fueron las mejores semanas para\u00a0Susana Gim\u00e9nez,\u00a0\u00a0luego de sus dichos de que los pobres tienen que ir al campo, por lo que fue duramente repudiada en los medios, las redes y por sus propios colegas, como\u00a0Mor\u00eda Cas\u00e1n,\u00a0entre otras figuras, la diva\u00a0\u00a0es una de las mujeres m\u00e1s ic\u00f3nicas del pa\u00eds, al igual que\u00a0Mirtha Legrand\u00a0y &#8220;La One&#8221;, motivo por el que, cualquier cosa que haga fuera de lo cotidiano correspondiente a su labor, va a llamar a la atenci\u00f3n.<\/p>\n<p>Por este motivo, la diva del tel\u00e9fono y el &#8220;mill\u00f3n&#8221;, que muy bien lo sabe, captur\u00f3 la atenci\u00f3n de su audiencia digital de redes, al postear una foto retro que despert\u00f3 la ternura de muchos y el descreimiento de otros por su impactante cambio f\u00edsico con los a\u00f1os. &#8220;Mar del Plata, verano en familia. Mi cara de felicidad que lo dice todo. Me matan las trencitas\u2026\u00bfSe acuerdan de esos trajes de ba\u00f1o \u201cnido de abeja\u201d? Yo lo amaba. D\u00edas de verano, tendencias y memorias&#8221;, lanz\u00f3 la diva abri\u00e9ndose con sus fan\u00e1ticos y recibi\u00f3 autom\u00e1ticamente una catarata de comentarios, inclusive de muchas figuras del espect\u00e1culo.<\/p>\n<p>&#8220;Na&#8221;, &#8220;Yo me acuerdo de tener uno as\u00ed&#8221;, &#8220;Hermosa desde chiquita&#8221;, &#8220;maravillosa infancia&#8221;, &#8220;siempre lo m\u00e1s&#8221;,\u00a0fueron algunos de los mensajes que se intercalaban entre su club de seguidores estrella y famosos como\u00a0Griselda Siciliani y Sebasti\u00e1n Estevan\u00e9z, entre otros. Sin embargo, hubo muchos detractores o &#8220;haters&#8221; que aprovecharon el espacio para liquidarla tras no conmoverse\u00a0con su viaje al pasado, en el que se la ve en la playa, foto blanco y negro, traje de ba\u00f1o tejido, flequillo y trencitas y pelo color morocho.\u00a0&#8220;Dale que sos vos, si claro, ni vos te la cre\u00e9s&#8221;, &#8220;Eso fue en 1810, sos un dinosaurio&#8221;, ahi la &#8216;diva&#8217; en La Bristol&#8221;, &#8220;ah\u00ed eras inocente&#8221;, fueron algunos de las ocurrencias m\u00e1s lapidarias y picantes.\u00a0Las dos caras de la moneda.<\/p>\n","protected":false},"excerpt":{"rendered":"<p>La diva se anim\u00f3 a abrir un momento desconocido de su vida y caus\u00f3 revuelo en la red. &nbsp; Si bien las \u00faltimas no fueron las mejores semanas para\u00a0Susana Gim\u00e9nez,\u00a0\u00a0luego de sus dichos de que los pobres tienen que ir al campo, por lo que fue duramente repudiada en los medios, las redes y por [&hellip;]<\/p>\n","protected":false},"author":1,"featured_media":35461,"comment_status":"closed","ping_status":"closed","sticky":false,"template":"","format":"gallery","meta":{"footnotes":""},"categories":[4],"tags":[],"class_list":["post-35459","post","type-post","status-publish","format-gallery","has-post-thumbnail","hentry","category-espectaculos","post_format-post-format-gallery"],"_links":{"self":[{"href":"http:\/\/informateesquina.com\/index.php?rest_route=\/wp\/v2\/posts\/35459","targetHints":{"allow":["GET"]}}],"collection":[{"href":"http:\/\/informateesquina.com\/index.php?rest_route=\/wp\/v2\/posts"}],"about":[{"href":"http:\/\/informateesquina.com\/index.php?rest_route=\/wp\/v2\/types\/post"}],"author":[{"embeddable":true,"href":"http:\/\/informateesquina.com\/index.php?rest_route=\/wp\/v2\/users\/1"}],"replies":[{"embeddable":true,"href":"http:\/\/informateesquina.com\/index.php?rest_route=%2Fwp%2Fv2%2Fcomments&post=35459"}],"version-history":[{"count":0,"href":"http:\/\/informateesquina.com\/index.php?rest_route=\/wp\/v2\/posts\/35459\/revisions"}],"wp:featuredmedia":[{"embeddable":true,"href":"http:\/\/informateesquina.com\/index.php?rest_route=\/"}],"wp:attachment":[{"href":"http:\/\/informateesquina.com\/index.php?rest_route=%2Fwp%2Fv2%2Fmedia&parent=35459"}],"wp:term":[{"taxonomy":"category","embeddable":true,"href":"http:\/\/informateesquina.com\/index.php?rest_route=%2Fwp%2Fv2%2Fcategories&post=35459"},{"taxonomy":"post_tag","embeddable":true,"href":"http:\/\/informateesquina.com\/index.php?rest_route=%2Fwp%2Fv2%2Ftags&post=35459"}],"curies":[{"name":"wp","href":"https:\/\/api.w.org\/{rel}","templated":true}]}}