{"id":35476,"date":"2020-01-24T20:56:34","date_gmt":"2020-01-24T23:56:34","guid":{"rendered":"https:\/\/informateesquina.com\/?p=35476"},"modified":"2020-01-24T20:56:34","modified_gmt":"2020-01-24T23:56:34","slug":"llevaba-brasas-en-el-baul-del-auto-junto-al-tanque-de-gas","status":"publish","type":"post","link":"http:\/\/informateesquina.com\/?p=35476","title":{"rendered":"Llevaba brasas en el ba\u00fal del auto junto al tanque de gas"},"content":{"rendered":"<div class=\"titulo\">\n<h6 style=\"text-align: center;\">Ocurri\u00f3 en un balneario de La Falda. El veh\u00edculo se llen\u00f3 de humo y la zona donde<\/h6>\n<h6 style=\"text-align: center;\">estaba el carb\u00f3n encendido empez\u00f3 a quemarse. &#8220;Al estar cerrado se qued\u00f3<\/h6>\n<h6 style=\"text-align: center;\">sin oxigeno&#8221;, dijo el jefe de Bomberos local.<\/h6>\n<\/div>\n<div class=\"fecha-compartir\">\n<div class=\"fecha-hora-nota\">\n<p>&nbsp;<\/p>\n<\/div>\n<div class=\"icono-compartir\">\n<div class=\"iconos-redes\"><\/div>\n<\/div>\n<\/div>\n<div class=\"overflowhidden\">\n<div class=\"columna-principal\">\n<div class=\"owl-carousel-imagenes-nota-ampliada owl-theme owl-loaded owl-drag\">\n<div class=\"owl-stage-outer owl-height\">\n<div class=\"owl-stage\">\n<div class=\"owl-item active\">\n<div class=\"item\">\n<div class=\"img\"><iframe loading=\"lazy\" id=\"video\" src=\"https:\/\/api.apolomedia.com\/player\/embed\/playerId\/6X15561538774019\/contentId\/35519\" width=\"650\" height=\"390\" frameborder=\"0\" scrolling=\"no\" allowfullscreen=\"allowfullscreen\" data-mce-fragment=\"1\"><\/iframe><\/div>\n<div class=\"volanta\">\n<p>AUDIO: &#8220;El espacio cerrado fren\u00f3 el incendio&#8221;, dijo Molina (Por Alejandro Bustos)<\/p>\n<\/div>\n<\/div>\n<\/div>\n<\/div>\n<\/div>\n<div class=\"owl-nav disabled\"><button class=\"owl-prev disabled\" role=\"presentation\" type=\"button\"><span aria-label=\"Previous\">\u2039<\/span><\/button><button class=\"owl-next disabled\" role=\"presentation\" type=\"button\"><span aria-label=\"Next\">\u203a<\/span><\/button><\/div>\n<div class=\"owl-dots disabled\"><\/div>\n<\/div>\n<div id=\"cuerpo-nota\">\n<p>Un hombre dej\u00f3 este mi\u00e9rcoles por la tarde su veh\u00edculo estacionado en un balneario de La Falda con brasas encendidas junto al tanque de gas.<\/p>\n<p>El autom\u00f3vil se llen\u00f3 de humo y empez\u00f3 a incendiarse, hasta que actuaron los bomberos locales.<\/p>\n<p>&#8220;Lleg\u00f3 la dotaci\u00f3n al lugar y nos dijeron que hab\u00eda un auto con principio de incendio. Un compa\u00f1ero hab\u00eda llegado antes y el due\u00f1o del auto no le hab\u00eda permitido abrir el ba\u00fal. Luego lo hizo y ten\u00eda carb\u00f3n encendido&#8221;, describi\u00f3 a\u00a0<b>Cadena 3\u00a0<\/b>el jefe de Bomberos de la localidad cordobesa, Gabriel Molina.<\/p>\n<p>El responsable es un turista de Salta que dijo haber estado paseando por Carlos Paz. Hab\u00eda dejado el veh\u00edculo estacionado en el balneario Siete Cascadas cuando inici\u00f3 el incidente.<\/p>\n<p>Los Bomberos sospechan que hab\u00eda limpiado una parrilla y que podr\u00eda haber guardado en la bolsa de carb\u00f3n las cenizas para que no queden en el lugar, lo que inici\u00f3 el fuego.<\/p>\n<p><img decoding=\"async\" src=\"https:\/\/www.cadena3.com\/admin\/playerswf\/fotos\/ARCHI_682627.jpg\" \/><\/p>\n<p>Y explic\u00f3: &#8220;Al estar tan confinado el espacio se qued\u00f3 sin oxigeno y por eso el incendio no progres\u00f3. Las brasas en el ba\u00fal estaban pegas al tubo de gas. A veces decimos que Dios es bombero, porque hubiese sido mucho m\u00e1s problem\u00e1tico si eso llegaba a un punto donde hubiese podido da\u00f1ar el tubo del veh\u00edculo&#8221;.<\/p>\n<p>Molina detall\u00f3 que s\u00f3lo se quem\u00f3 una parte del ba\u00fal y &#8220;no demasiado&#8221;: la rueda de auxilio y la zona que la rodea.<\/p>\n<p>Lo curioso es que revel\u00f3 que no es la primera vez que ocurre algo as\u00ed en la zona: &#8220;Hace tres a\u00f1os unos turistas llevaban brasas encendidas en el ba\u00fal y una parrilla&#8221;.<\/p>\n<p><img decoding=\"async\" src=\"https:\/\/www.cadena3.com\/admin\/playerswf\/fotos\/ARCHI_682626.jpg\" \/><\/p>\n<p><img decoding=\"async\" src=\"https:\/\/www.cadena3.com\/admin\/playerswf\/fotos\/ARCHI_682628.jpg\" \/><\/p>\n<p><img decoding=\"async\" src=\"https:\/\/www.cadena3.com\/admin\/playerswf\/fotos\/ARCHI_682629.jpg\" \/><\/p>\n<p><img decoding=\"async\" src=\"https:\/\/www.cadena3.com\/admin\/playerswf\/fotos\/ARCHI_682630.jpg\" \/><\/p>\n<p><b>Entrevista de Alejandro Bustos.<\/b><\/p>\n<\/div>\n<\/div>\n<\/div>\n","protected":false},"excerpt":{"rendered":"<p>Ocurri\u00f3 en un balneario de La Falda. El veh\u00edculo se llen\u00f3 de humo y la zona donde estaba el carb\u00f3n encendido empez\u00f3 a quemarse. &#8220;Al estar cerrado se qued\u00f3 sin oxigeno&#8221;, dijo el jefe de Bomberos local. &nbsp; AUDIO: &#8220;El espacio cerrado fren\u00f3 el incendio&#8221;, dijo Molina (Por Alejandro Bustos) \u2039\u203a Un hombre dej\u00f3 este [&hellip;]<\/p>\n","protected":false},"author":1,"featured_media":35477,"comment_status":"closed","ping_status":"closed","sticky":false,"template":"","format":"standard","meta":{"footnotes":""},"categories":[11],"tags":[],"class_list":["post-35476","post","type-post","status-publish","format-standard","has-post-thumbnail","hentry","category-sociedad"],"_links":{"self":[{"href":"http:\/\/informateesquina.com\/index.php?rest_route=\/wp\/v2\/posts\/35476","targetHints":{"allow":["GET"]}}],"collection":[{"href":"http:\/\/informateesquina.com\/index.php?rest_route=\/wp\/v2\/posts"}],"about":[{"href":"http:\/\/informateesquina.com\/index.php?rest_route=\/wp\/v2\/types\/post"}],"author":[{"embeddable":true,"href":"http:\/\/informateesquina.com\/index.php?rest_route=\/wp\/v2\/users\/1"}],"replies":[{"embeddable":true,"href":"http:\/\/informateesquina.com\/index.php?rest_route=%2Fwp%2Fv2%2Fcomments&post=35476"}],"version-history":[{"count":0,"href":"http:\/\/informateesquina.com\/index.php?rest_route=\/wp\/v2\/posts\/35476\/revisions"}],"wp:featuredmedia":[{"embeddable":true,"href":"http:\/\/informateesquina.com\/index.php?rest_route=\/"}],"wp:attachment":[{"href":"http:\/\/informateesquina.com\/index.php?rest_route=%2Fwp%2Fv2%2Fmedia&parent=35476"}],"wp:term":[{"taxonomy":"category","embeddable":true,"href":"http:\/\/informateesquina.com\/index.php?rest_route=%2Fwp%2Fv2%2Fcategories&post=35476"},{"taxonomy":"post_tag","embeddable":true,"href":"http:\/\/informateesquina.com\/index.php?rest_route=%2Fwp%2Fv2%2Ftags&post=35476"}],"curies":[{"name":"wp","href":"https:\/\/api.w.org\/{rel}","templated":true}]}}