{"id":35481,"date":"2020-01-27T07:12:54","date_gmt":"2020-01-27T10:12:54","guid":{"rendered":"https:\/\/informateesquina.com\/?p=35481"},"modified":"2020-01-27T07:12:54","modified_gmt":"2020-01-27T10:12:54","slug":"la-fiesta-nacional-del-chamame-cerro-y-ya-tiene-fecha-para-el-2021","status":"publish","type":"post","link":"http:\/\/informateesquina.com\/?p=35481","title":{"rendered":"La Fiesta Nacional del Chamam\u00e9 cerr\u00f3 y ya tiene fecha para el 2021"},"content":{"rendered":"<div class=\"col-md-12\">\n<h1><span style=\"color: #666666; font-family: Roboto, sans-serif; font-size: 15px;\">Anoche culmin\u00f3 la Fiesta Nacional del Chamam\u00e9 y a trav\u00e9s de las cuentas oficiales en redes sociales de la FNCHA confirmaron la fecha en la que se celebrar\u00e1 la gran fiesta chamamecera. El Instituto de Cultura, anuncia que la 31\u00aa Fiesta Nacional del Chamam\u00e9 y 17\u00aa Fiesta del Chamam\u00e9 del Mercosur se realizar\u00e1 del 15 al 24 de enero de 2021.<\/span><\/h1>\n<div class=\"image_review_wrapper\">\n<div class=\"swiper-container swiper-container-horizontal swiper-container-android\">\n<div class=\"swiper-wrapper\">\n<div class=\"swiper-slide swiper-slide-active\"><a href=\"https:\/\/www.radiosudamericana.com\/notix\/multimedia\/imagenes\/fotos\/2020-01-27\/499180.jpg\"><img decoding=\"async\" class=\"img-responsive\" src=\"https:\/\/www.radiosudamericana.com\/notix\/multimedia\/imagenes\/fotos\/2020-01-27\/499180.jpg\" alt=\"Responsive image\" \/><\/a><\/div>\n<div class=\"swiper-slide swiper-slide-next\"><a href=\"https:\/\/www.radiosudamericana.com\/notix\/multimedia\/imagenes\/fotos\/2020-01-27\/468534.jpg\"><img decoding=\"async\" class=\"img-responsive\" src=\"https:\/\/www.radiosudamericana.com\/notix\/multimedia\/imagenes\/fotos\/2020-01-27\/468534.jpg\" alt=\"Responsive image\" \/><\/a><\/div>\n<\/div>\n<\/div>\n<\/div>\n<\/div>\n<p>Con un Anfiteatro Cocomarola colmado la Fiesta Nacional del Chamam\u00e9 anoche grit\u00f3 su \u00faltimo sapucay. La edici\u00f3n 30\u00ba que este a\u00f1o tuvo como lema \u201c\u00d1aderek\u00f3\u201d Nuestra manera de ser, demostr\u00f3 que es la fiesta m\u00e1s convocante de la regi\u00f3n.<\/p>\n<p>Este a\u00f1o la Fiesta Nacional del Chamam\u00e9 tom\u00f3 un protagonismo absoluto porque fue la primera fiesta en todo el pa\u00eds que cumpli\u00f3 con el cupo femenino establecida por ley nacional. La sanci\u00f3n establece que estos eventos musicales deber\u00e1n tener una participaci\u00f3n de mujeres del 30 por ciento.<\/p>\n<p><img decoding=\"async\" class=\"img-responsive\" src=\"https:\/\/www.radiosudamericana.com\/notix\/multimedia\/imagenes\/fotos\/2020-01-27\/468534.jpg\" \/><\/p>\n<p>A trav\u00e9s de las\u00a0 cuentas oficiales de la FNCH el Instituto de Cultura, anunci\u00f3 que \u201cla 31\u00aa Fiesta Nacional del Chamam\u00e9 y 17\u00aa Fiesta del Chamam\u00e9 del Mercosur se realizar\u00e1 del 15 al 24 de enero de 2021. La celebraci\u00f3n m\u00e1s grande de los correntinos ya tiene fecha confirmada y se llevar\u00e1 adelante bajo el lema \u201cAbrazo que enchamiga naciones\u201d.<\/p>\n","protected":false},"excerpt":{"rendered":"<p>Anoche culmin\u00f3 la Fiesta Nacional del Chamam\u00e9 y a trav\u00e9s de las cuentas oficiales en redes sociales de la FNCHA confirmaron la fecha en la que se celebrar\u00e1 la gran fiesta chamamecera. El Instituto de Cultura, anuncia que la 31\u00aa Fiesta Nacional del Chamam\u00e9 y 17\u00aa Fiesta del Chamam\u00e9 del Mercosur se realizar\u00e1 del 15 [&hellip;]<\/p>\n","protected":false},"author":1,"featured_media":35482,"comment_status":"closed","ping_status":"closed","sticky":false,"template":"","format":"standard","meta":{"footnotes":""},"categories":[11],"tags":[136],"class_list":["post-35481","post","type-post","status-publish","format-standard","has-post-thumbnail","hentry","category-sociedad","tag-destacados"],"_links":{"self":[{"href":"http:\/\/informateesquina.com\/index.php?rest_route=\/wp\/v2\/posts\/35481","targetHints":{"allow":["GET"]}}],"collection":[{"href":"http:\/\/informateesquina.com\/index.php?rest_route=\/wp\/v2\/posts"}],"about":[{"href":"http:\/\/informateesquina.com\/index.php?rest_route=\/wp\/v2\/types\/post"}],"author":[{"embeddable":true,"href":"http:\/\/informateesquina.com\/index.php?rest_route=\/wp\/v2\/users\/1"}],"replies":[{"embeddable":true,"href":"http:\/\/informateesquina.com\/index.php?rest_route=%2Fwp%2Fv2%2Fcomments&post=35481"}],"version-history":[{"count":0,"href":"http:\/\/informateesquina.com\/index.php?rest_route=\/wp\/v2\/posts\/35481\/revisions"}],"wp:featuredmedia":[{"embeddable":true,"href":"http:\/\/informateesquina.com\/index.php?rest_route=\/"}],"wp:attachment":[{"href":"http:\/\/informateesquina.com\/index.php?rest_route=%2Fwp%2Fv2%2Fmedia&parent=35481"}],"wp:term":[{"taxonomy":"category","embeddable":true,"href":"http:\/\/informateesquina.com\/index.php?rest_route=%2Fwp%2Fv2%2Fcategories&post=35481"},{"taxonomy":"post_tag","embeddable":true,"href":"http:\/\/informateesquina.com\/index.php?rest_route=%2Fwp%2Fv2%2Ftags&post=35481"}],"curies":[{"name":"wp","href":"https:\/\/api.w.org\/{rel}","templated":true}]}}