{"id":35484,"date":"2020-01-27T13:26:23","date_gmt":"2020-01-27T16:26:23","guid":{"rendered":"https:\/\/informateesquina.com\/?p=35484"},"modified":"2020-01-27T13:26:23","modified_gmt":"2020-01-27T16:26:23","slug":"adolescente-correntina-fue-hallada-muerta-en-un-baldio-en-misiones","status":"publish","type":"post","link":"http:\/\/informateesquina.com\/?p=35484","title":{"rendered":"Adolescente correntina fue hallada muerta en un bald\u00edo en Misiones"},"content":{"rendered":"<div class=\"col-md-12\">\n<h1><span style=\"color: #666666; font-family: Roboto, sans-serif; font-size: 15px;\">El hallazgo se dio ayer por la tarde en un descampado ubicado en Ap\u00f3steles, Misiones. La joven de tan s\u00f3lo 15 a\u00f1os hab\u00eda salido de su casa, en Colonia Liebig, el viernes por la noche para verse con amigos. Desde aquel momento su familia no supo m\u00e1s nada de ella. El cuerpo presentaba lesiones visibles en la cabeza.<\/span><\/h1>\n<div class=\"image_review_wrapper\">\n<div class=\"swiper-container swiper-container-horizontal swiper-container-android\">\n<div class=\"swiper-wrapper\">\n<div class=\"swiper-slide swiper-slide-active\"><a href=\"https:\/\/www.radiosudamericana.com\/notix\/multimedia\/imagenes\/fotos\/2020-01-27\/859011.jpg\"><img decoding=\"async\" class=\"img-responsive\" src=\"https:\/\/www.radiosudamericana.com\/notix\/multimedia\/imagenes\/fotos\/2020-01-27\/859011.jpg\" alt=\"Responsive image\" \/><\/a><\/div>\n<\/div>\n<\/div>\n<\/div>\n<\/div>\n<div class=\"col-md-12\"><\/div>\n<div class=\"col-md-12\">\n<div><audio src=\"https:\/\/www.radiosudamericana.com\/\/multimedia\/audios\/2020-01-27\/511393.mp3\" controls=\"controls\" data-mce-fragment=\"1\"><\/audio><\/div>\n<\/div>\n<p>El cuerpo de la adolescente de 15 a\u00f1os, que estaba desaparecida desde el viernes\u00a0en Colonia Liebig, fue encontrado ayer por la\u00a0 tarde en el cauce del arroyo Chimiray, en Ap\u00f3stoles-Misiones.<\/p>\n<p>Fuentes policiales indicaron a Radio Sudamericana que tres chicos hallaron el cad\u00e1ver en un descampado y cubierto de ramas. La v\u00edctima, identificada como Milagros Ayel\u00e9n Silva (15), hab\u00eda salido de su casa en la noche del viernes y no regres\u00f3.<\/p>\n<p>Tras la denuncia de los familiares, la polic\u00eda inici\u00f3 la b\u00fasqueda que termin\u00f3 de manera tr\u00e1gica.\u00a0Indican que el cuerpo de la adolescente ten\u00eda golpes visibles en la cabeza.<\/p>\n","protected":false},"excerpt":{"rendered":"<p>El hallazgo se dio ayer por la tarde en un descampado ubicado en Ap\u00f3steles, Misiones. La joven de tan s\u00f3lo 15 a\u00f1os hab\u00eda salido de su casa, en Colonia Liebig, el viernes por la noche para verse con amigos. Desde aquel momento su familia no supo m\u00e1s nada de ella. El cuerpo presentaba lesiones visibles [&hellip;]<\/p>\n","protected":false},"author":1,"featured_media":35485,"comment_status":"closed","ping_status":"closed","sticky":false,"template":"","format":"standard","meta":{"footnotes":""},"categories":[8,11],"tags":[],"class_list":["post-35484","post","type-post","status-publish","format-standard","has-post-thumbnail","hentry","category-policiales","category-sociedad"],"_links":{"self":[{"href":"http:\/\/informateesquina.com\/index.php?rest_route=\/wp\/v2\/posts\/35484","targetHints":{"allow":["GET"]}}],"collection":[{"href":"http:\/\/informateesquina.com\/index.php?rest_route=\/wp\/v2\/posts"}],"about":[{"href":"http:\/\/informateesquina.com\/index.php?rest_route=\/wp\/v2\/types\/post"}],"author":[{"embeddable":true,"href":"http:\/\/informateesquina.com\/index.php?rest_route=\/wp\/v2\/users\/1"}],"replies":[{"embeddable":true,"href":"http:\/\/informateesquina.com\/index.php?rest_route=%2Fwp%2Fv2%2Fcomments&post=35484"}],"version-history":[{"count":0,"href":"http:\/\/informateesquina.com\/index.php?rest_route=\/wp\/v2\/posts\/35484\/revisions"}],"wp:featuredmedia":[{"embeddable":true,"href":"http:\/\/informateesquina.com\/index.php?rest_route=\/"}],"wp:attachment":[{"href":"http:\/\/informateesquina.com\/index.php?rest_route=%2Fwp%2Fv2%2Fmedia&parent=35484"}],"wp:term":[{"taxonomy":"category","embeddable":true,"href":"http:\/\/informateesquina.com\/index.php?rest_route=%2Fwp%2Fv2%2Fcategories&post=35484"},{"taxonomy":"post_tag","embeddable":true,"href":"http:\/\/informateesquina.com\/index.php?rest_route=%2Fwp%2Fv2%2Ftags&post=35484"}],"curies":[{"name":"wp","href":"https:\/\/api.w.org\/{rel}","templated":true}]}}