{"id":35487,"date":"2020-01-27T13:32:50","date_gmt":"2020-01-27T16:32:50","guid":{"rendered":"https:\/\/informateesquina.com\/?p=35487"},"modified":"2020-01-27T13:32:50","modified_gmt":"2020-01-27T16:32:50","slug":"anmat-prohiben-un-escabeche-por-sintomas-de-bolutismo","status":"publish","type":"post","link":"http:\/\/informateesquina.com\/?p=35487","title":{"rendered":"ANMAT: Proh\u00edben un escabeche por s\u00edntomas de botulismo"},"content":{"rendered":"<div class=\"col-md-12\">\n<h6 style=\"text-align: center;\"><span style=\"color: #666666; font-family: Roboto, sans-serif; font-size: 15px;\">El organismo en su p\u00e1gina oficial que luego de una investigaci\u00f3n, decidi\u00f3 retirar los productos de las g\u00f3ndolas por estar asociados a casos de botulismo.<\/span><\/h6>\n<div class=\"image_review_wrapper\">\n<div class=\"swiper-container swiper-container-horizontal swiper-container-android\">\n<div class=\"swiper-wrapper\">\n<div class=\"swiper-slide swiper-slide-active\"><a href=\"https:\/\/www.radiosudamericana.com\/notix\/multimedia\/imagenes\/fotos\/2020-01-27\/944435.jpg\"><img decoding=\"async\" class=\"img-responsive\" src=\"https:\/\/www.radiosudamericana.com\/notix\/multimedia\/imagenes\/fotos\/2020-01-27\/944435.jpg\" alt=\"Responsive image\" \/><\/a><\/div>\n<\/div>\n<\/div>\n<\/div>\n<\/div>\n<p>El viernes,\u00a0la Administraci\u00f3n Nacional de Medicamentos, Alimentos y Tecnolog\u00eda M\u00e9dica (ANMAT) inici\u00f3 una investigaci\u00f3n de un escabeche de jabal\u00ed y decidi\u00f3 retirarlo del mercado.\u00a0Seg\u00fan public\u00f3 en su p\u00e1gina web oficial, los productos estar\u00edan contaminados y tendr\u00edan s\u00edntomas de botulismo.<\/p>\n<p>El\u00a0escabeche jabal\u00ed es de la marca Fatto in casa. Hasta el momento, se conocieron dos casos sospechosos de botulismo que estar\u00edan asociados al consumo de esta marca. Los frascos que quedaron fuera del mercado son de 400 gr, con vencimiento el 1 julio 2020. \u201cElaborado por Norma Coatti. N\u00aa de habilitaci\u00f3n (municipal) 256\/05\u201d, dice el envase.<\/p>\n<p>La\u00a0Direcci\u00f3n General de Control de la Industria Alimenticia de la provincia de C\u00f3rdoba y la Direcci\u00f3n de Bromatolog\u00eda y Sanidad Ambiental del Municipio de Monte Ma\u00edz inspeccionaron la f\u00e1brica. Luego, se estableci\u00f3 que las condiciones no permiten garantizar la seguridad para el consumo.<\/p>\n<p>De esta manera, el organismo prohibi\u00f3 la elaboraci\u00f3n y solicit\u00f3 el retiro de todas las unidades de este productos en todo el territorio nacional. En el comunicado inform\u00f3: \u201cSe recomienda a los consumidores que se abstengan de consumir estos productos\u201d.<\/p>\n<p>Y advirti\u00f3: \u201cEn caso de haberlo hecho y presenten alguno de los s\u00edntomas iniciales como n\u00e1useas, v\u00f3mitos, dolor abdominal, diarrea, visi\u00f3n borrosa, visi\u00f3n doble, boca seca, dificultad para hablar y tragar, realicen una consulta m\u00e9dica inmediatamente\u201d.<\/p>\n<p>De esta manera, indic\u00f3 que los comercios que tengan productos en sus stocks, deben dejar de comercializarlos de manera inmediata para prevenir posibles infecciones. Asimismo, esta disposici\u00f3n seguir\u00e1 en vigencia hasta tanto pueda asegurarse la salubridad de los mismos.<\/p>\n<p><strong>\u00bfQu\u00e9 es el botulismo alimentario?<\/strong><\/p>\n<p>Es una intoxicaci\u00f3n grave producida por la ingesti\u00f3n de la toxina preformada en los alimentos contaminados. La incidencia del botulismo es baja, pero la tasa de mortalidad es alta si no se realiza un diagn\u00f3stico precoz y se administra la correspondiente antitoxina en forma temprana. No se transmite de persona a persona.<\/p>\n<p>Los s\u00edntomas iniciales de la intoxicaci\u00f3n son n\u00e1useas, v\u00f3mitos, dolor abdominal, diarrea, visi\u00f3n borrosa, visi\u00f3n doble, boca seca, dificultad para hablar y tragar. Este tipo de intoxicaci\u00f3n se da principalmente en productos de origen vegetal. En\u00a0menor frecuencia de origen animal, como mariscos y carnes de animales de caza en general.<\/p>\n","protected":false},"excerpt":{"rendered":"<p>El organismo en su p\u00e1gina oficial que luego de una investigaci\u00f3n, decidi\u00f3 retirar los productos de las g\u00f3ndolas por estar asociados a casos de botulismo. El viernes,\u00a0la Administraci\u00f3n Nacional de Medicamentos, Alimentos y Tecnolog\u00eda M\u00e9dica (ANMAT) inici\u00f3 una investigaci\u00f3n de un escabeche de jabal\u00ed y decidi\u00f3 retirarlo del mercado.\u00a0Seg\u00fan public\u00f3 en su p\u00e1gina web oficial, [&hellip;]<\/p>\n","protected":false},"author":1,"featured_media":35488,"comment_status":"closed","ping_status":"closed","sticky":false,"template":"","format":"standard","meta":{"footnotes":""},"categories":[11],"tags":[],"class_list":["post-35487","post","type-post","status-publish","format-standard","has-post-thumbnail","hentry","category-sociedad"],"_links":{"self":[{"href":"http:\/\/informateesquina.com\/index.php?rest_route=\/wp\/v2\/posts\/35487","targetHints":{"allow":["GET"]}}],"collection":[{"href":"http:\/\/informateesquina.com\/index.php?rest_route=\/wp\/v2\/posts"}],"about":[{"href":"http:\/\/informateesquina.com\/index.php?rest_route=\/wp\/v2\/types\/post"}],"author":[{"embeddable":true,"href":"http:\/\/informateesquina.com\/index.php?rest_route=\/wp\/v2\/users\/1"}],"replies":[{"embeddable":true,"href":"http:\/\/informateesquina.com\/index.php?rest_route=%2Fwp%2Fv2%2Fcomments&post=35487"}],"version-history":[{"count":0,"href":"http:\/\/informateesquina.com\/index.php?rest_route=\/wp\/v2\/posts\/35487\/revisions"}],"wp:featuredmedia":[{"embeddable":true,"href":"http:\/\/informateesquina.com\/index.php?rest_route=\/"}],"wp:attachment":[{"href":"http:\/\/informateesquina.com\/index.php?rest_route=%2Fwp%2Fv2%2Fmedia&parent=35487"}],"wp:term":[{"taxonomy":"category","embeddable":true,"href":"http:\/\/informateesquina.com\/index.php?rest_route=%2Fwp%2Fv2%2Fcategories&post=35487"},{"taxonomy":"post_tag","embeddable":true,"href":"http:\/\/informateesquina.com\/index.php?rest_route=%2Fwp%2Fv2%2Ftags&post=35487"}],"curies":[{"name":"wp","href":"https:\/\/api.w.org\/{rel}","templated":true}]}}