{"id":35492,"date":"2020-01-27T17:57:25","date_gmt":"2020-01-27T20:57:25","guid":{"rendered":"https:\/\/informateesquina.com\/?p=35492"},"modified":"2020-01-27T17:57:25","modified_gmt":"2020-01-27T20:57:25","slug":"brasil-al-menos-53-muertos-y-varios-desaparecidos-por-las-fuertes-lluvias","status":"publish","type":"post","link":"http:\/\/informateesquina.com\/?p=35492","title":{"rendered":"Brasil: al menos 53 muertos y varios desaparecidos por las fuertes lluvias"},"content":{"rendered":"<h1 class=\"title\">Las v\u00edctimas se concentran en Minas Gerais y Esp\u00edrito Santo, al sudeste del pa\u00eds. El gobierno declar\u00f3 estado de emergencia en 99 localidades.<\/h1>\n<div class=\"detail-body\">\n<article id=\"note-body\" class=\"note-body first\" data-twitter-link=\"https:\/\/twitter.com\/intent\/tweet?url=https:\/\/www.minutouno.com\/c5079159&amp;v\u00eda=minutounocom&amp;related=MinutoUno&amp;text=\">\n<div class=\"row\">\n<div class=\"inside-note col-xs-12\">\n<p>Al menos\u00a0<strong>53 personas murieron y 19 est\u00e1n desaparecidas\u00a0<\/strong>a ra\u00edz de las tormentas que golpean el sudeste de Brasil desde el jueves pasado, confirmaron en las \u00faltimas horas autoridades de ese pa\u00eds.<\/p>\n<p>El gobernador de Minas Gerais, Gustavo Zema, vincul\u00f3 el saldo del desastre con la extensi\u00f3n de viviendas precarias en el estado. Dijo que el estado requiere de un\u00a0<strong>\u201creordenamiento urbano\u201d<\/strong>\u00a0para evitar nuevas tragedias en el futuro.<\/p>\n<p>En varios puntos del sudeste de Brasil, las persistentes lluvias de las \u00faltimas horas causaron<strong>\u00a0inundaciones, deslizamientos de tierra y derrumbes<\/strong>.<\/p>\n<\/div>\n<\/div>\n<\/article>\n<\/div>\n<div class=\"banner-libre no-margin\"><\/div>\n<div class=\"clearfix\"><\/div>\n<div class=\"detail-body \">\n<article id=\"note-body\" class=\"note-body\" data-twitter-link=\"https:\/\/twitter.com\/intent\/tweet?url=https:\/\/www.minutouno.com\/c5079159&amp;v\u00eda=minutounocom&amp;related=MinutoUno&amp;text=\">\n<div class=\"row\">\n<div class=\"inside-note col-xs-12\">\n<p>Seg\u00fan el \u00faltimo balance de la Defensa Civil, adem\u00e1s de los\u00a0<strong>casi 20.000 evacuados<\/strong>\u00a0por estar ubicados en \u00e1reas de deslizamientos o inundaciones, otros 3.354 tuvieron que ser recibidos en alojamientos improvisados en gimnasios y escuelas p\u00fablicas, report\u00f3 la agencia<em>\u00a0Efe.<\/p>\n<p><\/em><\/p>\n<div id=\"7407495-Libre-1629831125_wrap\" class=\"embed_cont type_imagen no-copyright\">\n<div id=\"7407495-Libre-1629831125_content\" class=\"embed_content\"><img decoding=\"async\" id=\"7407495-Libre-1629831125_embed\" src=\"https:\/\/media.minutouno.com\/adjuntos\/150\/imagenes\/037\/341\/0037341871.jpg?0000-00-00-00-00-00\" alt=\"Inundaciones en Brasil dejaron al menos 53 muertos. Foto: odia.ig.com.br\" \/><\/div>\n<div id=\"7407495-Libre-1629831125_epigrafe\" class=\"embed_epigrafe\">Inundaciones en Brasil dejaron al menos 53 muertos. Foto: odia.ig.com.br<\/div>\n<\/div>\n<p>La tragedia provocada por los temporales oblig\u00f3 al Gobierno regional a declarar\u00a0<strong>estado de emergencia en 99 ciudades<\/strong>\u00a0afectadas por las lluvias en Minas Gerais y al Gobierno federal de Brasil a anunciar que desembolsar\u00e1 ayudas por 90 millones de reales (unos 21,4 millones de d\u00f3lares).<\/p>\n<p>Ayer, el gobernaci\u00f3n hab\u00eda declarado situaci\u00f3n de emergencia en 47 municipios pero en la tarde otros 52 fueron incluidos en la lista de los que requieren ayuda urgente y pueden recibir recursos p\u00fablicos para atender la tragedia sin necesidad de abrir licitaciones.<\/p>\n<p>Los temporales castigaron especialmente la ciudad de<strong>\u00a0Belo Horizonte, capital de Minas Gerais<\/strong>, y los municipios que integran su regi\u00f3n metropolitana, en donde se registraron la mayor\u00eda de las muertes.<\/p>\n<div id=\"7407492-Libre-590261359_wrap\" class=\"embed_cont type_imagen no-copyright\">\n<div id=\"7407492-Libre-590261359_content\" class=\"embed_content\"><img decoding=\"async\" id=\"7407492-Libre-590261359_embed\" src=\"https:\/\/media.minutouno.com\/adjuntos\/150\/imagenes\/037\/341\/0037341831.jpg?0000-00-00-00-00-00\" alt=\"Inundaciones en Brasil dejaron al menos 53 muertos. Foto: odia.ig.com.br\" \/><\/div>\n<div id=\"7407492-Libre-590261359_epigrafe\" class=\"embed_epigrafe\">Inundaciones en Brasil dejaron al menos 53 muertos. Foto: odia.ig.com.br<\/div>\n<\/div>\n<p>Las lluvias que cayeron el viernes en Belo Horizonte fueron r\u00e9cord, con 171,8 mil\u00edmetros de agua acumulada en 24 horas, el mayor volumen registrado en un d\u00eda desde que el Instituto Nacional de Meteorolog\u00eda comenz\u00f3 las mediciones pluviom\u00e9tricas hace 110 a\u00f1os.<\/p>\n<p>El coordinador adjunto de la Defensa Civil de Minas Gerais, teniente coronel Flavio Godinho, advirti\u00f3 que, pese a que las lluvias perdieron intensidad este domingo y a que se prev\u00e9 que se reduzcan tambi\u00e9n ma\u00f1ana, est\u00e1n previstas nuevas precipitaciones de gran intensidad a partir del martes.<\/p>\n<\/div>\n<\/div>\n<\/article>\n<\/div>\n","protected":false},"excerpt":{"rendered":"<p>Las v\u00edctimas se concentran en Minas Gerais y Esp\u00edrito Santo, al sudeste del pa\u00eds. El gobierno declar\u00f3 estado de emergencia en 99 localidades. Al menos\u00a053 personas murieron y 19 est\u00e1n desaparecidas\u00a0a ra\u00edz de las tormentas que golpean el sudeste de Brasil desde el jueves pasado, confirmaron en las \u00faltimas horas autoridades de ese pa\u00eds. El [&hellip;]<\/p>\n","protected":false},"author":1,"featured_media":35493,"comment_status":"closed","ping_status":"closed","sticky":false,"template":"","format":"standard","meta":{"footnotes":""},"categories":[5],"tags":[],"class_list":["post-35492","post","type-post","status-publish","format-standard","has-post-thumbnail","hentry","category-internacionales"],"_links":{"self":[{"href":"http:\/\/informateesquina.com\/index.php?rest_route=\/wp\/v2\/posts\/35492","targetHints":{"allow":["GET"]}}],"collection":[{"href":"http:\/\/informateesquina.com\/index.php?rest_route=\/wp\/v2\/posts"}],"about":[{"href":"http:\/\/informateesquina.com\/index.php?rest_route=\/wp\/v2\/types\/post"}],"author":[{"embeddable":true,"href":"http:\/\/informateesquina.com\/index.php?rest_route=\/wp\/v2\/users\/1"}],"replies":[{"embeddable":true,"href":"http:\/\/informateesquina.com\/index.php?rest_route=%2Fwp%2Fv2%2Fcomments&post=35492"}],"version-history":[{"count":0,"href":"http:\/\/informateesquina.com\/index.php?rest_route=\/wp\/v2\/posts\/35492\/revisions"}],"wp:featuredmedia":[{"embeddable":true,"href":"http:\/\/informateesquina.com\/index.php?rest_route=\/"}],"wp:attachment":[{"href":"http:\/\/informateesquina.com\/index.php?rest_route=%2Fwp%2Fv2%2Fmedia&parent=35492"}],"wp:term":[{"taxonomy":"category","embeddable":true,"href":"http:\/\/informateesquina.com\/index.php?rest_route=%2Fwp%2Fv2%2Fcategories&post=35492"},{"taxonomy":"post_tag","embeddable":true,"href":"http:\/\/informateesquina.com\/index.php?rest_route=%2Fwp%2Fv2%2Ftags&post=35492"}],"curies":[{"name":"wp","href":"https:\/\/api.w.org\/{rel}","templated":true}]}}