{"id":35497,"date":"2020-01-27T19:30:28","date_gmt":"2020-01-27T22:30:28","guid":{"rendered":"https:\/\/informateesquina.com\/?p=35497"},"modified":"2020-01-27T19:30:28","modified_gmt":"2020-01-27T22:30:28","slug":"la-carcel-de-dolores-por-dentro-asi-sera-la-vida-tras-las-rejas-de-los-rugbiers-acusados-de-matar-a-fernando-baez-sosa","status":"publish","type":"post","link":"http:\/\/informateesquina.com\/?p=35497","title":{"rendered":"La c\u00e1rcel de Dolores por dentro: as\u00ed ser\u00e1 la vida tras las rejas de los rugbiers acusados de matar a Fernando B\u00e1ez Sosa"},"content":{"rendered":"<p><span class=\"subheadline\">Los diez detenidos por el crimen ser\u00e1n traslados ma\u00f1ana al penal, considerado el m\u00e1s sobrepoblado de la provincia. Estar\u00e1n aislados y no tendr\u00e1n contacto con otros internos. Las advertencias de \u201cpresos famosos\u201d que los tratan de \u201clogis y nenes de mam\u00e1\u201d y la letra escarlata tras las rejas de un crimen despreciable.\u00a0<\/span><\/p>\n<p>&nbsp;<\/p>\n<p><img decoding=\"async\" src=\"https:\/\/www.infobae.com\/new-resizer\/gICHRgo6rd3lL7KFXtsZfpIgpS8=\/750x0\/filters:quality(100)\/arc-anglerfish-arc2-prod-infobae.s3.amazonaws.com\/public\/GD22NV2FQNHA5IFRSA6DYOPZ34.jpg\" alt=\"Abandonen toda esperanza: la oficina de visitas en el penal, por donde deber\u00c3\u00a1n pasar los familiares de los rugbiers (Fernando B\u00c3\u00a1ez Sosa)\" \/><\/p>\n","protected":false},"excerpt":{"rendered":"<p>Los diez detenidos por el crimen ser\u00e1n traslados ma\u00f1ana al penal, considerado el m\u00e1s sobrepoblado de la provincia. Estar\u00e1n aislados y no tendr\u00e1n contacto con otros internos. Las advertencias de \u201cpresos famosos\u201d que los tratan de \u201clogis y nenes de mam\u00e1\u201d y la letra escarlata tras las rejas de un crimen despreciable.\u00a0 &nbsp;<\/p>\n","protected":false},"author":1,"featured_media":35498,"comment_status":"closed","ping_status":"closed","sticky":false,"template":"","format":"standard","meta":{"footnotes":""},"categories":[8],"tags":[],"class_list":["post-35497","post","type-post","status-publish","format-standard","has-post-thumbnail","hentry","category-policiales"],"_links":{"self":[{"href":"http:\/\/informateesquina.com\/index.php?rest_route=\/wp\/v2\/posts\/35497","targetHints":{"allow":["GET"]}}],"collection":[{"href":"http:\/\/informateesquina.com\/index.php?rest_route=\/wp\/v2\/posts"}],"about":[{"href":"http:\/\/informateesquina.com\/index.php?rest_route=\/wp\/v2\/types\/post"}],"author":[{"embeddable":true,"href":"http:\/\/informateesquina.com\/index.php?rest_route=\/wp\/v2\/users\/1"}],"replies":[{"embeddable":true,"href":"http:\/\/informateesquina.com\/index.php?rest_route=%2Fwp%2Fv2%2Fcomments&post=35497"}],"version-history":[{"count":0,"href":"http:\/\/informateesquina.com\/index.php?rest_route=\/wp\/v2\/posts\/35497\/revisions"}],"wp:featuredmedia":[{"embeddable":true,"href":"http:\/\/informateesquina.com\/index.php?rest_route=\/"}],"wp:attachment":[{"href":"http:\/\/informateesquina.com\/index.php?rest_route=%2Fwp%2Fv2%2Fmedia&parent=35497"}],"wp:term":[{"taxonomy":"category","embeddable":true,"href":"http:\/\/informateesquina.com\/index.php?rest_route=%2Fwp%2Fv2%2Fcategories&post=35497"},{"taxonomy":"post_tag","embeddable":true,"href":"http:\/\/informateesquina.com\/index.php?rest_route=%2Fwp%2Fv2%2Ftags&post=35497"}],"curies":[{"name":"wp","href":"https:\/\/api.w.org\/{rel}","templated":true}]}}