{"id":35500,"date":"2020-01-27T19:32:19","date_gmt":"2020-01-27T22:32:19","guid":{"rendered":"https:\/\/informateesquina.com\/?p=35500"},"modified":"2020-01-27T19:32:19","modified_gmt":"2020-01-27T22:32:19","slug":"murio-el-bailarin-de-showmatch-juan-carlos-acosta","status":"publish","type":"post","link":"http:\/\/informateesquina.com\/?p=35500","title":{"rendered":"Muri\u00f3 el bailar\u00edn de ShowMatch Juan Carlos Acosta"},"content":{"rendered":"<p><span class=\"subheadline\">El core\u00f3grafo Flavio Mendoza inform\u00f3 a trav\u00e9s de su cuenta de Instagram la triste noticia.<\/span><\/p>\n<div class=\"row pb-content-type-image\">\n<figure class=\"element element-image col-xs-12\">\n<div class=\"single-image\"><img decoding=\"async\" id=\"C3OI2QTNHVDA5FSDK4XI2QYOEA\" class=\"image-lazy\" src=\"https:\/\/www.infobae.com\/new-resizer\/Z9S_4qvnNLRVbQWBWVnHQMNb7rM=\/750x0\/filters:quality(100)\/arc-anglerfish-arc2-prod-infobae.s3.amazonaws.com\/public\/C3OI2QTNHVDA5FSDK4XI2QYOEA.jpg\" alt=\"Juan Carlos Acosta\" width=\"750\" height=\"421.875\" data-url=\"https:\/\/www.infobae.com\/teleshow\/infoshow\/2020\/01\/27\/murio-el-bailarin-de-showmatch-juan-carlos-acosta\/%23C3OI2QTNHVDA5FSDK4XI2QYOEA\" data-original=\"https:\/\/www.infobae.com\/new-resizer\/Z9S_4qvnNLRVbQWBWVnHQMNb7rM=\/750x0\/filters:quality(100)\/arc-anglerfish-arc2-prod-infobae.s3.amazonaws.com\/public\/C3OI2QTNHVDA5FSDK4XI2QYOEA.jpg\" \/><\/div><figcaption class=\"\"><span class=\"credit\">Juan Carlos Acosta<\/span><\/figcaption><\/figure>\n<\/div>\n<div class=\"row pb-content-type-text\">\n<div class=\"col-xs-12 col-print-12\">\n<p class=\"element element-paragraph\">Muri\u00f3 el bailar\u00edn de\u00a0<i>ShowMatch<\/i>,<b>\u00a0Juan Carlos Acosta,<\/b>\u00a0que hab\u00eda participado del\u00a0<i>Bailando<\/i>\u00a0<b>en el 2014 y el 2015 acompa\u00f1ando a Nazarena V\u00e9lez y a Jesica Cirio<\/b><b>,\u00a0<\/b>a quien tambi\u00e9n acompa\u00f1\u00f3 en el\u00a0<i>Patinando\u00a0<\/i>2007. El encargado de confirmar la triste noticia fue su colega,<b>\u00a0Flavio Mendoza.<\/b><\/p>\n<\/div>\n<\/div>\n<div class=\"row pb-content-type-text\">\n<div class=\"col-xs-12 col-print-12\">\n<p class=\"element element-paragraph\">Seg\u00fan pudo saber\u00a0<mark class=\"hl_red\"><b>Teleshow<\/b><\/mark>, en las \u00faltimas semanas el bailar\u00edn\u00a0<b>present\u00f3 fuertes dolores en su espalda. Su pareja le sugiri\u00f3 que fuera a una guardia m\u00e9dica para hacer una consulta, pero \u00e9l no quer\u00eda<\/b>. El viernes pasado asegur\u00f3 que la molestia hab\u00eda pasado; sin embargo, el domingo a la noche volvi\u00f3 a sentirse mal, se comunic\u00f3 con su novio y cuando lleg\u00f3 lo encontr\u00f3 sin vida.<\/p>\n<\/div>\n<\/div>\n<div class=\"row pb-content-type-text\">\n<div class=\"col-xs-12 col-print-12\">\n<p class=\"element element-paragraph\"><b>\u201cNo puedo creer que ya no est\u00e9s en este mundo Juan, un gran artista y excelente persona. Que Dios est\u00e9 con vos\u201d,<\/b>\u00a0escribi\u00f3 Mendoza en su cuenta de Instagram junto a una foto del joven.<\/p>\n<\/div>\n<\/div>\n<div class=\"row pb-content-type-image\">\n<figure class=\"element element-image col-xs-12\">\n<div class=\"single-image\">\n<div class=\"shares\">\n<div class=\"share-button facebook\" data-url=\"https:\/\/www.infobae.com\/teleshow\/infoshow\/2020\/01\/27\/murio-el-bailarin-de-showmatch-juan-carlos-acosta\/%23LBLDHYUIHBEIFHGK22RGBFEPUA\" data-original=\"https:\/\/arc-anglerfish-arc2-prod-infobae.s3.amazonaws.com\/public\/LBLDHYUIHBEIFHGK22RGBFEPUA.jpg\"><\/div>\n<\/div>\n<p><img decoding=\"async\" id=\"LBLDHYUIHBEIFHGK22RGBFEPUA\" class=\"image-lazy\" src=\"https:\/\/www.infobae.com\/new-resizer\/455fXhPGX6UOHRfw0vxonZyrf6U=\/750x0\/filters:quality(100)\/arc-anglerfish-arc2-prod-infobae.s3.amazonaws.com\/public\/LBLDHYUIHBEIFHGK22RGBFEPUA.jpg\" alt=\"El mensaje de Flavio Mendoza en las redes sociales\" width=\"750\" height=\"559.375\" data-url=\"https:\/\/www.infobae.com\/teleshow\/infoshow\/2020\/01\/27\/murio-el-bailarin-de-showmatch-juan-carlos-acosta\/%23LBLDHYUIHBEIFHGK22RGBFEPUA\" data-original=\"https:\/\/www.infobae.com\/new-resizer\/455fXhPGX6UOHRfw0vxonZyrf6U=\/750x0\/filters:quality(100)\/arc-anglerfish-arc2-prod-infobae.s3.amazonaws.com\/public\/LBLDHYUIHBEIFHGK22RGBFEPUA.jpg\" \/><\/p>\n<\/div><figcaption class=\"\"><span class=\"credit\">El mensaje de Flavio Mendoza en las redes sociales<\/span><\/figcaption><\/figure>\n<\/div>\n<div class=\"row pb-content-type-text\">\n<div id=\"\" class=\"wrapper clearfix pb-feature pb-layout-item pb-f-ads-dfp\">\n<div id=\"inline\" class=\"ad-slot\">\n<div id=\"inline_ad\" data-google-query-id=\"CPzF0tDqpOcCFT8GuQYd2EMInw\">\n<div id=\"google_ads_iframe_\/1058609\/infobae\/teleshow\/nota\/inline_0__container__\"><iframe id=\"google_ads_iframe_\/1058609\/infobae\/teleshow\/nota\/inline_0\" title=\"3rd party ad content\" name=\"google_ads_iframe_\/1058609\/infobae\/teleshow\/nota\/inline_0\" width=\"1\" height=\"1\" frameborder=\"0\" marginwidth=\"0\" marginheight=\"0\" scrolling=\"no\" data-google-container-id=\"6\" data-load-complete=\"true\" data-mce-fragment=\"1\"><\/iframe><\/div>\n<\/div>\n<\/div>\n<\/div>\n<div class=\"col-xs-12 col-print-12\">\n<p class=\"element element-paragraph\"><b>Cinthia Fern\u00e1nde<\/b>z, quien fuera su compa\u00f1era en\u00a0<i>Stravaganza<\/i>, tambi\u00e9n lo despidi\u00f3 en sus redes:<b> \u201cJuanqui mi amor, que en paz descanses, siempre alegre, siempre h\u00edper movedizo buscando crecer, siempre buen compa\u00f1ero, no puedo creerlo\u201d.<\/b><\/p>\n<p class=\"element element-paragraph\">Su \u00faltima aparici\u00f3n en el ciclo de Marcelo Tinelli fue en la apertura de la edici\u00f3n 2018 del programa. En el 2016 hab\u00eda hecho con\u00a0Jesica Cirio el musical infantil\u00a0<i>Alicia, \u00bfqu\u00e9 hay del otro lado?<\/i>\u00a0En la pieza tambi\u00e9n participaron Gladys Florimonte y Mar\u00eda Laura Cattalini, su coach en el\u00a0<i>Bailando<\/i>.<\/p>\n<\/div>\n<\/div>\n<div class=\"row pb-content-type-text\">\n<div class=\"col-xs-12 col-print-12\">\n<p class=\"element element-paragraph\">En las redes sociales, V\u00e9lez tambi\u00e9n despidi\u00f3 a su amigo:<b>\u00a0\u201cExtremadamente talentoso y perfeccionista. As\u00ed era Juan.\u00a0<\/b>Me despert\u00e9 con la triste noticia de su partida y solo puedo decir que me quedo con el recuerdo de un pibe con ganas, profesional, odiaba mis llegadas tarde o que no me importar nada de nada ser la mejor Bailando y se pon\u00eda cabr\u00f3n, porque buscaba la perfecci\u00f3n en todo siempre. Te despido recordando nuestros mejores y peores momentos con una sonrisa y como seguramente a vos te gustar\u00eda, Bailando. Descansa tranquilo Juanca, porque siempre brill\u00e1s, siempre, buen viaje\u201d.<\/p>\n<\/div>\n<\/div>\n","protected":false},"excerpt":{"rendered":"<p>El core\u00f3grafo Flavio Mendoza inform\u00f3 a trav\u00e9s de su cuenta de Instagram la triste noticia. Juan Carlos Acosta Muri\u00f3 el bailar\u00edn de\u00a0ShowMatch,\u00a0Juan Carlos Acosta,\u00a0que hab\u00eda participado del\u00a0Bailando\u00a0en el 2014 y el 2015 acompa\u00f1ando a Nazarena V\u00e9lez y a Jesica Cirio,\u00a0a quien tambi\u00e9n acompa\u00f1\u00f3 en el\u00a0Patinando\u00a02007. El encargado de confirmar la triste noticia fue su colega,\u00a0Flavio [&hellip;]<\/p>\n","protected":false},"author":1,"featured_media":35501,"comment_status":"closed","ping_status":"closed","sticky":false,"template":"","format":"standard","meta":{"footnotes":""},"categories":[4],"tags":[],"class_list":["post-35500","post","type-post","status-publish","format-standard","has-post-thumbnail","hentry","category-espectaculos"],"_links":{"self":[{"href":"http:\/\/informateesquina.com\/index.php?rest_route=\/wp\/v2\/posts\/35500","targetHints":{"allow":["GET"]}}],"collection":[{"href":"http:\/\/informateesquina.com\/index.php?rest_route=\/wp\/v2\/posts"}],"about":[{"href":"http:\/\/informateesquina.com\/index.php?rest_route=\/wp\/v2\/types\/post"}],"author":[{"embeddable":true,"href":"http:\/\/informateesquina.com\/index.php?rest_route=\/wp\/v2\/users\/1"}],"replies":[{"embeddable":true,"href":"http:\/\/informateesquina.com\/index.php?rest_route=%2Fwp%2Fv2%2Fcomments&post=35500"}],"version-history":[{"count":0,"href":"http:\/\/informateesquina.com\/index.php?rest_route=\/wp\/v2\/posts\/35500\/revisions"}],"wp:featuredmedia":[{"embeddable":true,"href":"http:\/\/informateesquina.com\/index.php?rest_route=\/"}],"wp:attachment":[{"href":"http:\/\/informateesquina.com\/index.php?rest_route=%2Fwp%2Fv2%2Fmedia&parent=35500"}],"wp:term":[{"taxonomy":"category","embeddable":true,"href":"http:\/\/informateesquina.com\/index.php?rest_route=%2Fwp%2Fv2%2Fcategories&post=35500"},{"taxonomy":"post_tag","embeddable":true,"href":"http:\/\/informateesquina.com\/index.php?rest_route=%2Fwp%2Fv2%2Ftags&post=35500"}],"curies":[{"name":"wp","href":"https:\/\/api.w.org\/{rel}","templated":true}]}}