{"id":35507,"date":"2020-01-28T10:46:59","date_gmt":"2020-01-28T13:46:59","guid":{"rendered":"https:\/\/informateesquina.com\/?p=35507"},"modified":"2020-01-28T10:46:59","modified_gmt":"2020-01-28T13:46:59","slug":"desesperada-busqueda-de-un-joven-que-sufrio-una-brutal-golpiza-en-bella-vista","status":"publish","type":"post","link":"http:\/\/informateesquina.com\/?p=35507","title":{"rendered":"Desesperada b\u00fasqueda de un joven que sufri\u00f3 una brutal golpiza en Bella Vista"},"content":{"rendered":"<div class=\"item ppp_Horizontal H9 ppp_mobile\">\n<div class=\"ppp ppp_P1_b ppp_mobile\" data-spot=\"5d7174ab71ffab00132b5995\" data-id=\"5d7176c971ffab00132b59f1\" data-pos=\"P1_b\" data-width=\"468\" data-height=\"90\" data-fixed=\"undefined\">Se trata de Mart\u00edn Ezequiel Viccini, alias \u201cManchita\u201d. El domingo a la ma\u00f1ana fue agredido en cercan\u00edas de la playa. La paliza fue filmada y se viraliz\u00f3 en las redes sociales. Su padre no logra dar con su paradero.<\/div>\n<\/div>\n<div class=\"np_header\">\n<div class=\"np_nota_descripcion\">\n<p>&nbsp;<\/p>\n<\/div>\n<\/div>\n<div class=\"np_contenido\">\n<div id=\"notas\">\n<div class=\"imgvideo_principal\">\n<div class=\"tapa_contenedort_imagen galeria\">\n<div class=\"bx-wrapper\">\n<div class=\"bx-viewport\">\n<div class=\"galeria_notapage\">\n<div><img decoding=\"async\" class=\"panel_imagen item_galerianp\" src=\"https:\/\/pxc.cdn.ellitoral.com.ar\/litoral\/012020\/1580176612092.jpeg?&amp;ma=3&amp;cw=920&amp;ch=615\" alt=\"imagen_0\" data-sizes=\"auto\" data-src-galeria=\"https:\/\/pxc.cdn.ellitoral.com.ar\/litoral\/012020\/1580176612092.jpeg?&amp;ma=3&amp;cw=920&amp;ch=615\" data-src=\"https:\/\/pxc.cdn.ellitoral.com.ar\/litoral\/012020\/1580176612092.jpeg?&amp;ma=3&amp;cw=920&amp;ch=615\" data-index=\"0\" \/><\/div>\n<div><img decoding=\"async\" class=\"panel_imagen item_galerianp\" src=\"https:\/\/pxc.cdn.ellitoral.com.ar\/litoral\/012020\/1580176616335.jpg?&amp;ma=3&amp;cw=920&amp;ch=615\" alt=\"imagen_1\" data-sizes=\"auto\" data-src-galeria=\"https:\/\/pxc.cdn.ellitoral.com.ar\/litoral\/012020\/1580176616335.jpg?&amp;ma=3&amp;cw=920&amp;ch=615\" data-src=\"https:\/\/pxc.cdn.ellitoral.com.ar\/litoral\/012020\/1580176616335.jpg?&amp;ma=3&amp;cw=920&amp;ch=615\" data-index=\"1\" \/><\/div>\n<\/div>\n<\/div>\n<div class=\"bx-controls\"><\/div>\n<\/div>\n<\/div>\n<\/div>\n<div id=\"notapage_texto\" class=\"notapage_cuerpo\">\n<p>Un hombre encabeza la desesperada b\u00fasqueda de su hijo, quien sufri\u00f3 una brutal golpiza cerca de la costanera de Bella Vista y ahora se encuentra desaparecido.<br \/>\nSe trata de Andr\u00e9s Viccini que intenta dar con el paradero de su hijo Mart\u00edn Ezequiel Viccini, alias \u201cManchita\u201d.<\/p>\n<div class=\"google-auto-placed ap_container\"><ins class=\"adsbygoogle adsbygoogle-noablate\" data-ad-format=\"auto\" data-ad-client=\"ca-pub-8878915833182686\" data-adsbygoogle-status=\"done\" data-overlap-observer-io=\"false\"><ins id=\"aswift_2_expand\"><ins id=\"aswift_2_anchor\"><iframe id=\"aswift_2\" name=\"aswift_2\" width=\"304\" height=\"254\" frameborder=\"0\" marginwidth=\"0\" marginheight=\"0\" scrolling=\"no\" allowfullscreen=\"allowfullscreen\" data-mce-fragment=\"1\"><\/iframe><\/ins><\/ins><\/ins><\/div>\n<p>Con la ayuda de vecinos investiga las circunstancias en las que se dio la bestial paliza. El hecho ocurri\u00f3 el domingo \u00a0alrededor de las 6 de la ma\u00f1ana en la bajada de la calle Tucum\u00e1n frente a la playa de dicha localidad.<br \/>\nEn su denuncia, el padre de la v\u00edctima cont\u00f3 que se enter\u00f3 de lo ocurrido a trav\u00e9s de la viralizaci\u00f3n de un video en el que ve c\u00f3mo su hijo es golpeado por otro sujeto hasta que finalmente qued\u00f3 tendido en la vereda. Cuando acudi\u00f3 al sitio indicado, no hab\u00eda nadie y le informaron que lo hab\u00edan trasladado al hospital local. Sin embargo, cuando lleg\u00f3 al centro de salud, no hall\u00f3 ninguna constancia de su ingreso.<\/p>\n<div class=\"google-auto-placed ap_container\"><ins class=\"adsbygoogle adsbygoogle-noablate\" data-ad-format=\"auto\" data-ad-client=\"ca-pub-8878915833182686\" data-adsbygoogle-status=\"done\" data-overlap-observer-io=\"false\"><ins id=\"aswift_3_expand\"><ins id=\"aswift_3_anchor\"><iframe id=\"aswift_3\" name=\"aswift_3\" width=\"304\" height=\"254\" frameborder=\"0\" marginwidth=\"0\" marginheight=\"0\" scrolling=\"no\" allowfullscreen=\"allowfullscreen\" data-mce-fragment=\"1\"><\/iframe><\/ins><\/ins><\/ins><\/div>\n<p>Es por eso que decidi\u00f3 denunciar el caso en la comisar\u00eda local con el fin de ubicar al joven desaparecido.<br \/>\nA trav\u00e9s de su cuenta de Facebook, Andr\u00e9s Viccini \u00a0cont\u00f3 que recibi\u00f3 agresiones mientras buscaba a su hijo y rompieron el vidrio de su veh\u00edculo. Con la informaci\u00f3n aportada por vecinos y las filmaciones de las c\u00e1maras de las viviendas cercanas al sitio de la violenta golpiza, pudo identificar a los agresores. Cuenta con el nombre y apellido de los autores, pero la Polic\u00eda no puede hallarlos. Ayer se realizaron operativos en el barrio Los Pinos, pero con resultados negativos. En tanto, el paradero de \u201cManchita\u201d es un gran misterio.<\/p>\n<div class=\"google-auto-placed ap_container\"><ins class=\"adsbygoogle adsbygoogle-noablate\" data-ad-format=\"auto\" data-ad-client=\"ca-pub-8878915833182686\" data-adsbygoogle-status=\"done\" data-overlap-observer-io=\"false\"><ins id=\"aswift_4_expand\"><ins id=\"aswift_4_anchor\"><iframe id=\"aswift_4\" name=\"aswift_4\" width=\"304\" height=\"254\" frameborder=\"0\" marginwidth=\"0\" marginheight=\"0\" scrolling=\"no\" allowfullscreen=\"allowfullscreen\" data-mce-fragment=\"1\"><\/iframe><\/ins><\/ins><\/ins><\/div>\n<p>\u201cLo que me preocupa es que no s\u00e9 si lo levantaron ellos con el cuento de que lo iban a llevar al hospital, \u00bfy si lo tiraron al r\u00edo, que est\u00e1 a 100 metros de ah\u00ed?\u201d, expres\u00f3 Viccini a El Litoral.<br \/>\n\u201cCuando vinieron a avisarme dijeron que se estaba muriendo, que estaba boca arriba lleno de sangre, ahog\u00e1ndose\u201d, cont\u00f3 Viccini.<br \/>\nTras recibir la noticia, el padre recorri\u00f3 los hospitales de la ciudad, pero le informaron que su hijo no ingres\u00f3 a ning\u00fan centro de salud<\/p><\/div>\n<\/div>\n<\/div>\n","protected":false},"excerpt":{"rendered":"<p>Se trata de Mart\u00edn Ezequiel Viccini, alias \u201cManchita\u201d. El domingo a la ma\u00f1ana fue agredido en cercan\u00edas de la playa. La paliza fue filmada y se viraliz\u00f3 en las redes sociales. Su padre no logra dar con su paradero. &nbsp; Un hombre encabeza la desesperada b\u00fasqueda de su hijo, quien sufri\u00f3 una brutal golpiza cerca [&hellip;]<\/p>\n","protected":false},"author":1,"featured_media":35508,"comment_status":"closed","ping_status":"closed","sticky":false,"template":"","format":"standard","meta":{"footnotes":""},"categories":[3],"tags":[],"class_list":["post-35507","post","type-post","status-publish","format-standard","has-post-thumbnail","hentry","category-deportes"],"_links":{"self":[{"href":"http:\/\/informateesquina.com\/index.php?rest_route=\/wp\/v2\/posts\/35507","targetHints":{"allow":["GET"]}}],"collection":[{"href":"http:\/\/informateesquina.com\/index.php?rest_route=\/wp\/v2\/posts"}],"about":[{"href":"http:\/\/informateesquina.com\/index.php?rest_route=\/wp\/v2\/types\/post"}],"author":[{"embeddable":true,"href":"http:\/\/informateesquina.com\/index.php?rest_route=\/wp\/v2\/users\/1"}],"replies":[{"embeddable":true,"href":"http:\/\/informateesquina.com\/index.php?rest_route=%2Fwp%2Fv2%2Fcomments&post=35507"}],"version-history":[{"count":0,"href":"http:\/\/informateesquina.com\/index.php?rest_route=\/wp\/v2\/posts\/35507\/revisions"}],"wp:featuredmedia":[{"embeddable":true,"href":"http:\/\/informateesquina.com\/index.php?rest_route=\/"}],"wp:attachment":[{"href":"http:\/\/informateesquina.com\/index.php?rest_route=%2Fwp%2Fv2%2Fmedia&parent=35507"}],"wp:term":[{"taxonomy":"category","embeddable":true,"href":"http:\/\/informateesquina.com\/index.php?rest_route=%2Fwp%2Fv2%2Fcategories&post=35507"},{"taxonomy":"post_tag","embeddable":true,"href":"http:\/\/informateesquina.com\/index.php?rest_route=%2Fwp%2Fv2%2Ftags&post=35507"}],"curies":[{"name":"wp","href":"https:\/\/api.w.org\/{rel}","templated":true}]}}