{"id":35510,"date":"2020-01-28T15:43:49","date_gmt":"2020-01-28T18:43:49","guid":{"rendered":"https:\/\/informateesquina.com\/?p=35510"},"modified":"2020-01-28T15:43:49","modified_gmt":"2020-01-28T18:43:49","slug":"capital-denuncian-feroz-golpiza-a-nena-de-5-anos","status":"publish","type":"post","link":"http:\/\/informateesquina.com\/?p=35510","title":{"rendered":"Capital: Denuncian feroz golpiza a nena de 5 a\u00f1os\u00a0"},"content":{"rendered":"<p>&#8220;Quiero que vean con sus propios ojos c\u00f3mo dej\u00f3 a mi peque\u00f1a sobrina de 5 a\u00f1os, supuestamente dando un correctivo, peg\u00e1ndole con una silla por su rostro; quebrando 2 dientes.<span class=\"text_exposed_show\">La nena ya confes\u00f3 que es constante el maltrato que recibe tanto de ella como su actual pareja&#8221;, esta denuncia p\u00fablica la realiz\u00f3 Alejandra hacia la madre de la menor, llamada Adriana. El hecho habr\u00eda ocurrido en una casa del barrio Quilmes, Corrientes.<\/span><\/p>\n<div class=\"fotos-y-videos\">\n<div class=\"tab-content\">\n<div id=\"fotos\" class=\"tab-pane fade in active\" role=\"tabpanel\"><a class=\"fotos-desarrollo unlink\" title=\"Investigan los golpes que sufri\u00f3 una ni\u00f1a y acusan a la madre\" href=\"https:\/\/www.radiosudamericana.com\/notix\/multimedia\/imagenes\/fotos\/2020-01-28\/685613.jpg\"><img decoding=\"async\" class=\"img-responsive lazyload center-block\" src=\"https:\/\/www.radiosudamericana.com\/notix\/multimedia\/imagenes\/fotos\/2020-01-28\/685613.jpg\" alt=\"foto: Investigan los golpes que sufri\u00f3 una ni\u00f1a y acusan a la madre\" \/><\/a><\/div>\n<\/div>\n<\/div>\n<p><span class=\"text_exposed_show\"><img loading=\"lazy\" decoding=\"async\" class=\"alignnone size-medium wp-image-35511\" src=\"https:\/\/informateesquina.com\/wp-content\/uploads\/2020\/01\/84056975_683016638901275_2217065644363350016_n-169x300.jpg\" alt=\"\" width=\"169\" height=\"300\" \/> <\/span><\/p>\n<p><span class=\"text_exposed_show\"><img loading=\"lazy\" decoding=\"async\" class=\"alignnone size-medium wp-image-35513\" src=\"https:\/\/informateesquina.com\/wp-content\/uploads\/2020\/01\/83556777_683016685567937_1322877805800718336_n-300x169.jpg\" alt=\"\" width=\"300\" height=\"169\" \/><\/span><\/p>\n<div class=\"audios-desarrollo\">\n<div id=\"audio-1\"><\/div>\n<\/div>\n<div class=\"cuerpo\">\n<p>Un hombre denunci\u00f3 en la Comisar\u00eda de la Mujer y del Menor que su hija de 5 a\u00f1os de edad sufri\u00f3 agresiones, entre las que se cuenta una grave herida en el rostro, aparentemente realizada con una birome. Apunt\u00f3 contra la madre de la peque\u00f1a, recordando que se encuentra separado y que la mujer habr\u00eda retomado su vida amorosa con otra persona.<\/p>\n<p>La internacion se produjo en la madrugada del domingo, alrededor de las 2, cuando el hombre debi\u00f3 llevar \u201cenga\u00f1ada\u201d a la peque\u00f1a porque sent\u00eda temor de que la madre la volviera a agredir. Record\u00f3 que los m\u00e9dicos en principio sospecharon que \u00e9l le propin\u00f3 los golpes pero aclar\u00f3 que la peque\u00f1a le cont\u00f3 de la violencia que vive por parte de la madre.<\/p>\n<p>El padre cont\u00f3 que se enter\u00f3 de los hechos violentos por parte de una t\u00eda suya que vive cerca de la casa de la peque\u00f1a y le manifest\u00f3 su preocupaci\u00f3n por los gritos que se escuchaban. Afirm\u00f3 tambi\u00e9n que \u201ctiene miedo de decir que el padrastro le da correctivos\u201d, apuntando contra la actual pareja de la madre.<\/p>\n<p>Otra de las cuestiones que resalt\u00f3 Juan Carlos es que desde que se decidi\u00f3 la internaci\u00f3n de la peque\u00f1a, la madre no fue al Hospital a manifestar sus intenciones de visitar a su hija. Tampoco le habr\u00eda facilitado la documentaci\u00f3n necesaria que le solicitaron en el centro m\u00e9dico donde fue internada la ni\u00f1a para atenderla.<\/p>\n<\/div>\n<p><span class=\"text_exposed_show\">\u00a0<\/span><\/p>\n","protected":false},"excerpt":{"rendered":"<p>&#8220;Quiero que vean con sus propios ojos c\u00f3mo dej\u00f3 a mi peque\u00f1a sobrina de 5 a\u00f1os, supuestamente dando un correctivo, peg\u00e1ndole con una silla por su rostro; quebrando 2 dientes.La nena ya confes\u00f3 que es constante el maltrato que recibe tanto de ella como su actual pareja&#8221;, esta denuncia p\u00fablica la realiz\u00f3 Alejandra hacia la [&hellip;]<\/p>\n","protected":false},"author":1,"featured_media":35511,"comment_status":"closed","ping_status":"closed","sticky":false,"template":"","format":"gallery","meta":{"footnotes":""},"categories":[8],"tags":[136],"class_list":["post-35510","post","type-post","status-publish","format-gallery","has-post-thumbnail","hentry","category-policiales","tag-destacados","post_format-post-format-gallery"],"_links":{"self":[{"href":"http:\/\/informateesquina.com\/index.php?rest_route=\/wp\/v2\/posts\/35510","targetHints":{"allow":["GET"]}}],"collection":[{"href":"http:\/\/informateesquina.com\/index.php?rest_route=\/wp\/v2\/posts"}],"about":[{"href":"http:\/\/informateesquina.com\/index.php?rest_route=\/wp\/v2\/types\/post"}],"author":[{"embeddable":true,"href":"http:\/\/informateesquina.com\/index.php?rest_route=\/wp\/v2\/users\/1"}],"replies":[{"embeddable":true,"href":"http:\/\/informateesquina.com\/index.php?rest_route=%2Fwp%2Fv2%2Fcomments&post=35510"}],"version-history":[{"count":0,"href":"http:\/\/informateesquina.com\/index.php?rest_route=\/wp\/v2\/posts\/35510\/revisions"}],"wp:featuredmedia":[{"embeddable":true,"href":"http:\/\/informateesquina.com\/index.php?rest_route=\/"}],"wp:attachment":[{"href":"http:\/\/informateesquina.com\/index.php?rest_route=%2Fwp%2Fv2%2Fmedia&parent=35510"}],"wp:term":[{"taxonomy":"category","embeddable":true,"href":"http:\/\/informateesquina.com\/index.php?rest_route=%2Fwp%2Fv2%2Fcategories&post=35510"},{"taxonomy":"post_tag","embeddable":true,"href":"http:\/\/informateesquina.com\/index.php?rest_route=%2Fwp%2Fv2%2Ftags&post=35510"}],"curies":[{"name":"wp","href":"https:\/\/api.w.org\/{rel}","templated":true}]}}