{"id":35527,"date":"2020-01-28T21:27:05","date_gmt":"2020-01-29T00:27:05","guid":{"rendered":"https:\/\/informateesquina.com\/?p=35527"},"modified":"2020-01-28T21:27:05","modified_gmt":"2020-01-29T00:27:05","slug":"caru-cura-se-prepara-para-el-banderazo-y-la-coronacion-de-reinas","status":"publish","type":"post","link":"http:\/\/informateesquina.com\/?p=35527","title":{"rendered":"Car\u00fa Cur\u00e1 se prepara para el banderazo y la coronaci\u00f3n de reinas"},"content":{"rendered":"<div class=\"_1dwg _1w_m _q7o\" data-vc-ignore-dynamic=\"1\">\n<div id=\"js_1ow\" class=\"_5pbx userContent _3576\" data-testid=\"post_message\" data-ft=\"{&quot;tn&quot;:&quot;K&quot;}\">\n<div id=\"id_5e30cf059e0b27341141915\" class=\"text_exposed_root text_exposed\">\n<div class=\"text_exposed_show\">\n<audio class=\"wp-audio-shortcode\" id=\"audio-35527-1\" preload=\"none\" style=\"width: 100%;\" controls=\"controls\"><source type=\"audio\/ogg\" src=\"https:\/\/informateesquina.com\/wp-content\/uploads\/2020\/01\/caru.ogg?_=1\" \/><a href=\"https:\/\/informateesquina.com\/wp-content\/uploads\/2020\/01\/caru.ogg\">https:\/\/informateesquina.com\/wp-content\/uploads\/2020\/01\/caru.ogg<\/a><\/audio>\n<p>Pedro Corda, tesorero de la comparsa Car\u00fa Cur\u00e1, visit\u00f3 el programa Comunic\u00e1ndonos Esquina para hablar de \u201cLa semana verde y blanca\u201d.<\/p><\/div>\n<div><\/div>\n<\/div>\n<\/div>\n<div class=\"_3x-2\" data-ft=\"{&quot;tn&quot;:&quot;H&quot;}\">\n<div data-ft=\"{&quot;tn&quot;:&quot;H&quot;}\">\n<div class=\"mtm\">\n<div class=\"_1ktf\" data-ft=\"{&quot;tn&quot;:&quot;E&quot;}\">\n<p>El viernes a las 21 se realizar\u00e1 el ensayo general en la esquina de Mitre y San Mart\u00edn, la previa de lo que ser\u00e1 el banderazo del d\u00eda s\u00e1bado.<\/p>\n<p>El s\u00e1bado 1 de febrero, a partir de las 21, la esquina de Mitre y Santa Rita se realizar\u00e1 el banderazo. Luego, en\u00a0 la Sociedad Sportiva Esquinense, se har\u00e1 el c\u00e9lebre baile de coronaci\u00f3n de reinas.\u00a0 El precio de las entradas es de $100 y el precio de las mesas con 10 sillas es de $1.000.<\/p>\n<p><img loading=\"lazy\" decoding=\"async\" class=\"_46-i img\" src=\"https:\/\/scontent.fcnq1-1.fna.fbcdn.net\/v\/t1.0-0\/p526x296\/84417851_3351645318195309_9008307193094602752_n.jpg?_nc_cat=102&amp;_nc_ohc=2YZABZS3jYMAX_gs38A&amp;_nc_ht=scontent.fcnq1-1.fna&amp;_nc_tp=6&amp;oh=fbdba147e710b855abb41fa45068492b&amp;oe=5ED59B83\" alt=\"No hay descripci\u00f3n de la foto disponible.\" width=\"526\" height=\"526\" data-src=\"https:\/\/scontent.fcnq1-1.fna.fbcdn.net\/v\/t1.0-0\/p526x296\/84417851_3351645318195309_9008307193094602752_n.jpg?_nc_cat=102&amp;_nc_ohc=2YZABZS3jYMAX_gs38A&amp;_nc_ht=scontent.fcnq1-1.fna&amp;_nc_tp=6&amp;oh=fbdba147e710b855abb41fa45068492b&amp;oe=5ED59B83\" \/><img loading=\"lazy\" decoding=\"async\" class=\"_46-i img\" src=\"https:\/\/scontent.fcnq1-1.fna.fbcdn.net\/v\/t1.0-0\/p526x296\/83972182_1090918604592187_1099070573289406464_o.jpg?_nc_cat=100&amp;_nc_ohc=oddD5hD9vGkAX8L9vww&amp;_nc_ht=scontent.fcnq1-1.fna&amp;_nc_tp=6&amp;oh=f3536a5a70de19bea18f52a33e092a90&amp;oe=5ED5C9D3\" alt=\"No hay descripci\u00f3n de la foto disponible.\" width=\"526\" height=\"526\" data-src=\"https:\/\/scontent.fcnq1-1.fna.fbcdn.net\/v\/t1.0-0\/p526x296\/83972182_1090918604592187_1099070573289406464_o.jpg?_nc_cat=100&amp;_nc_ohc=oddD5hD9vGkAX8L9vww&amp;_nc_ht=scontent.fcnq1-1.fna&amp;_nc_tp=6&amp;oh=f3536a5a70de19bea18f52a33e092a90&amp;oe=5ED5C9D3\" \/><\/p>\n<\/div>\n<\/div>\n<\/div>\n<\/div>\n<div><\/div>\n<\/div>\n<div>\n<form id=\"u_ps_fetchstream_5_4_6\" class=\"commentable_item\" action=\"https:\/\/www.facebook.com\/ajax\/ufi\/modify.php\" method=\"post\" data-ft=\"{&quot;tn&quot;:&quot;]&quot;}\">\n<div class=\"_4299\">\n<div class=\"_78bu\">\n<div class=\"_68wo\" data-testid=\"fbFeedStoryUFI\/feedbackSummary\">\n<div class=\"_3vum\">\n<div class=\"_4vn1\">\n<div class=\"_1dwg _1w_m _q7o\" data-vc-ignore-dynamic=\"1\">\n<div class=\"x_37du94294 b_37du8_-31 clearfix\">\n<div class=\"clearfix i_37du94439\">\n<div class=\"clearfix _42ef\">\n<div class=\"o_37du9443a\">\n<div>\n<div class=\"_6a _5u5j\">\n<div class=\"_6a _5u5j _6b\">\n<blockquote>\n<div id=\"feed_subtitle_100000496214225:-8811809687243330465\" class=\"_5pcp _5lel _2jyu _232_\" style=\"text-align: center;\" data-testid=\"story-subtitle\">\u00a0<strong>Adem\u00e1s, las remeras de la comparsa ya est\u00e1n a la venta, a $450 o dos remeras por $700. Los gorros est\u00e1n $200 cada uno.\u00a0<\/strong><\/div>\n<\/blockquote>\n<\/div>\n<\/div>\n<\/div>\n<\/div>\n<\/div>\n<\/div>\n<\/div>\n<\/div>\n<div>\n<div class=\"_4299\">\n<div class=\"_78bu\">\n<div class=\"_1dnh\">\n<div class=\"_3vuz\">\n<div class=\"_666k\" data-testid=\"UFI2ReactionLink\/actionLink\">\n<div><\/div>\n<\/div>\n<div>\n<div class=\"_1dwg _1w_m _q7o\" data-vc-ignore-dynamic=\"1\">\n<div id=\"js_41w\" class=\"_5pbx userContent _3576\" data-testid=\"post_message\" data-ft=\"{&quot;tn&quot;:&quot;K&quot;}\">\n<p>Las sillas y palcos se estar\u00e1 vendiendo en la sede desde el martes 4 de febrero para socios y luego p\u00fablico en general de 10 a 12 y de 18 a 21 Hs.<\/p>\n<p><img loading=\"lazy\" decoding=\"async\" class=\"_46-i img\" src=\"https:\/\/scontent.fcnq1-1.fna.fbcdn.net\/v\/t1.0-0\/p526x296\/82017057_1081809438836437_7211205920540327936_o.jpg?_nc_cat=108&amp;_nc_ohc=nNlwo9nbEiEAX_B_sxH&amp;_nc_ht=scontent.fcnq1-1.fna&amp;_nc_tp=6&amp;oh=095d7f1ab6d06887a96c3d33dc91a0f1&amp;oe=5EC76DD0\" alt=\"La imagen puede contener: 1 persona, sonriendo, texto\" width=\"526\" height=\"526\" data-src=\"https:\/\/scontent.fcnq1-1.fna.fbcdn.net\/v\/t1.0-0\/p526x296\/82017057_1081809438836437_7211205920540327936_o.jpg?_nc_cat=108&amp;_nc_ohc=nNlwo9nbEiEAX_B_sxH&amp;_nc_ht=scontent.fcnq1-1.fna&amp;_nc_tp=6&amp;oh=095d7f1ab6d06887a96c3d33dc91a0f1&amp;oe=5EC76DD0\" \/><\/p>\n<\/div>\n<div><\/div>\n<\/div>\n<div>\n<div class=\"_4299\">\n<div class=\"_5vsi\"><\/div>\n<div class=\"_78bu\">\n<div class=\"_68wo\" data-testid=\"fbFeedStoryUFI\/feedbackSummary\">\n<div class=\"_3vum\">\n<div class=\"_66lg\"><\/div>\n<\/div>\n<\/div>\n<\/div>\n<\/div>\n<\/div>\n<\/div>\n<\/div>\n<\/div>\n<\/div>\n<\/div>\n<\/div>\n<\/div>\n<\/div>\n<\/div>\n<\/div>\n<\/div>\n<\/form>\n<\/div>\n","protected":false},"excerpt":{"rendered":"<p>Pedro Corda, tesorero de la comparsa Car\u00fa Cur\u00e1, visit\u00f3 el programa Comunic\u00e1ndonos Esquina para hablar de \u201cLa semana verde y blanca\u201d. El viernes a las 21 se realizar\u00e1 el ensayo general en la esquina de Mitre y San Mart\u00edn, la previa de lo que ser\u00e1 el banderazo del d\u00eda s\u00e1bado. El s\u00e1bado 1 de febrero, [&hellip;]<\/p>\n","protected":false},"author":1,"featured_media":35528,"comment_status":"closed","ping_status":"closed","sticky":false,"template":"","format":"audio","meta":{"footnotes":""},"categories":[6],"tags":[136],"class_list":["post-35527","post","type-post","status-publish","format-audio","has-post-thumbnail","hentry","category-locales","tag-destacados","post_format-post-format-audio"],"_links":{"self":[{"href":"http:\/\/informateesquina.com\/index.php?rest_route=\/wp\/v2\/posts\/35527","targetHints":{"allow":["GET"]}}],"collection":[{"href":"http:\/\/informateesquina.com\/index.php?rest_route=\/wp\/v2\/posts"}],"about":[{"href":"http:\/\/informateesquina.com\/index.php?rest_route=\/wp\/v2\/types\/post"}],"author":[{"embeddable":true,"href":"http:\/\/informateesquina.com\/index.php?rest_route=\/wp\/v2\/users\/1"}],"replies":[{"embeddable":true,"href":"http:\/\/informateesquina.com\/index.php?rest_route=%2Fwp%2Fv2%2Fcomments&post=35527"}],"version-history":[{"count":0,"href":"http:\/\/informateesquina.com\/index.php?rest_route=\/wp\/v2\/posts\/35527\/revisions"}],"wp:featuredmedia":[{"embeddable":true,"href":"http:\/\/informateesquina.com\/index.php?rest_route=\/"}],"wp:attachment":[{"href":"http:\/\/informateesquina.com\/index.php?rest_route=%2Fwp%2Fv2%2Fmedia&parent=35527"}],"wp:term":[{"taxonomy":"category","embeddable":true,"href":"http:\/\/informateesquina.com\/index.php?rest_route=%2Fwp%2Fv2%2Fcategories&post=35527"},{"taxonomy":"post_tag","embeddable":true,"href":"http:\/\/informateesquina.com\/index.php?rest_route=%2Fwp%2Fv2%2Ftags&post=35527"}],"curies":[{"name":"wp","href":"https:\/\/api.w.org\/{rel}","templated":true}]}}