{"id":35533,"date":"2020-01-28T21:47:57","date_gmt":"2020-01-29T00:47:57","guid":{"rendered":"https:\/\/informateesquina.com\/?p=35533"},"modified":"2020-01-28T21:47:57","modified_gmt":"2020-01-29T00:47:57","slug":"valdes-se-reunio-con-legisladores-nacionales-y-rodriguez-larreta","status":"publish","type":"post","link":"http:\/\/informateesquina.com\/?p=35533","title":{"rendered":"Vald\u00e9s se reuni\u00f3 con legisladores nacionales y Rodr\u00edguez Larreta"},"content":{"rendered":"<p>El gobernador Gustavo Vald\u00e9s inici\u00f3 la jornada de este martes en la ciudad de Buenos Aires con el objetivo de que el di\u00e1logo entre oficialismo y oposici\u00f3n en torno al proyecto de ley de Reestructuraci\u00f3n de Deuda concluya en un consenso que garantice a Corrientes, y las provincias en general, \u00a0\u201cinvertir en desarrollo, producci\u00f3n y empleo\u201d. Es as\u00ed que mantuvo reuniones con los gobernadores y legisladores de Juntos por el Cambio, como as\u00ed tambi\u00e9n con el presidente de la C\u00e1mara de Diputados de la Naci\u00f3n, Sergio Massa.<\/p>\n<p>&nbsp;<\/p>\n<p>El primer encuentro que mantuvo el mandatario correntino fue con sus pares de Jujuy, Gerardo Morales; de Mendoza, Rodolfo Su\u00e1rez; y de la ciudad de Buenos Aires, Horacio Rodr\u00edguez Larreta; el jefe del interbloque en Diputados de Juntos por el Cambio, Mario Negri; el presidente de la UCR, Alfredo Cornejo; \u00a0y los l\u00edderes de los bloques de PRO, Cristian Ritondo, y de la Coalici\u00f3n C\u00edvica (CC), Maximiliano Ferraro, para afinar la propuesta que le llevar\u00edan luego al oficialismo.<\/p>\n<p>&nbsp;<\/p>\n<p>\u201cEn Buenos Aires, junto a gobernadores y legisladores de Juntos por el Cambio estamos trabajando unidos para consensuar nuestra postura en torno al proyecto de ley de Reestructuraci\u00f3n de Deuda\u201d, tuite\u00f3 Vald\u00e9s, al respecto. Y asegur\u00f3 que \u201ctenemos vocaci\u00f3n por colaborar, porque asumimos el compromiso de ser una oposici\u00f3n responsable, pero a la vez necesitamos garantizar herramientas a las provincias para que podamos invertir en desarrollo, producci\u00f3n y empleo\u201d.<\/p>\n<p><img loading=\"lazy\" decoding=\"async\" class=\"alignnone size-medium wp-image-35537\" src=\"https:\/\/informateesquina.com\/wp-content\/uploads\/2020\/01\/ValdesBsAs5-300x220.jpg\" alt=\"\" width=\"300\" height=\"220\" \/> <img loading=\"lazy\" decoding=\"async\" class=\"alignnone size-medium wp-image-35538\" src=\"https:\/\/informateesquina.com\/wp-content\/uploads\/2020\/01\/ValdesBsAs1-300x199.jpg\" alt=\"\" width=\"300\" height=\"199\" \/> <img loading=\"lazy\" decoding=\"async\" class=\"alignnone size-medium wp-image-35539\" src=\"https:\/\/informateesquina.com\/wp-content\/uploads\/2020\/01\/ValdesBsAs3-300x169.jpg\" alt=\"\" width=\"300\" height=\"169\" \/> <img loading=\"lazy\" decoding=\"async\" class=\"alignnone size-medium wp-image-35540\" src=\"https:\/\/informateesquina.com\/wp-content\/uploads\/2020\/01\/ValdesBsAs4-300x169.jpg\" alt=\"\" width=\"300\" height=\"169\" \/><\/p>\n<p>Tras este primer encuentro, los referentes de Juntos por el Cambio mantuvieron luego una reuni\u00f3n con Massa. \u201cRecib\u00ed a gobernadores y l\u00edderes parlamentarios para escuchar sus ideas respecto de la Ley que le d\u00e9 los recursos y los mecanismos a la Argentina para salir del agobiante problema de la deuda\u201d, declar\u00f3, por su parte, el titular de la C\u00e1mara baja del Congreso.<\/p>\n<p>&nbsp;<\/p>\n<p>Mientras que Vald\u00e9s afirm\u00f3 al respecto que \u201cel di\u00e1logo es el primer paso para generar los consensos que necesitamos para mejorar las leyes que nos gobiernan\u201d, a lo que Negri agreg\u00f3 que \u201cqueremos un compromiso p\u00fablico del Ejecutivo de que el tema de la deuda de las provincias con la Naci\u00f3n se va a abordar en un marco de previsibilidad\u201d.<\/p>\n<p>&nbsp;<\/p>\n<p>Otro de los encuentros que se sucedieron durante la jornada de este martes en el Palacio de la C\u00e1mara de Diputados de la Naci\u00f3n fue una reuni\u00f3n de la Mesa Nacional de Juntos por el Cambio, en la cual participaron, adem\u00e1s de los ya mencionados, la presidente del PRO, Patricia Bullrich; el presidente del Interbloque de Senadores; Luis Naidenoff; como as\u00ed tambi\u00e9n \u00c1lvaro Gonz\u00e1lez (PRO), Juan Manuel L\u00f3pez (CC) y el ex candidato a vicepresidente, Miguel Pichetto.<\/p>\n<p>&nbsp;<\/p>\n<p>Los miembros de la conducci\u00f3n opositora resolvieron all\u00ed dar un \u201capoyo total\u201d a las negociaciones que est\u00e1n llevando adelante los legisladores del Interbloque a fin de dar una soluci\u00f3n integral a la problem\u00e1tica de la deuda p\u00fablica, la cual debe tener en cuenta las deudas que las Provincias tienen con la Naci\u00f3n, seg\u00fan dieron a conocer en un comunicado.<\/p>\n<p>&nbsp;<\/p>\n","protected":false},"excerpt":{"rendered":"<p>El gobernador Gustavo Vald\u00e9s inici\u00f3 la jornada de este martes en la ciudad de Buenos Aires con el objetivo de que el di\u00e1logo entre oficialismo y oposici\u00f3n en torno al proyecto de ley de Reestructuraci\u00f3n de Deuda concluya en un consenso que garantice a Corrientes, y las provincias en general, \u00a0\u201cinvertir en desarrollo, producci\u00f3n y [&hellip;]<\/p>\n","protected":false},"author":1,"featured_media":35534,"comment_status":"closed","ping_status":"closed","sticky":false,"template":"","format":"standard","meta":{"footnotes":""},"categories":[9,10],"tags":[136],"class_list":["post-35533","post","type-post","status-publish","format-standard","has-post-thumbnail","hentry","category-politica","category-provinciales","tag-destacados"],"_links":{"self":[{"href":"http:\/\/informateesquina.com\/index.php?rest_route=\/wp\/v2\/posts\/35533","targetHints":{"allow":["GET"]}}],"collection":[{"href":"http:\/\/informateesquina.com\/index.php?rest_route=\/wp\/v2\/posts"}],"about":[{"href":"http:\/\/informateesquina.com\/index.php?rest_route=\/wp\/v2\/types\/post"}],"author":[{"embeddable":true,"href":"http:\/\/informateesquina.com\/index.php?rest_route=\/wp\/v2\/users\/1"}],"replies":[{"embeddable":true,"href":"http:\/\/informateesquina.com\/index.php?rest_route=%2Fwp%2Fv2%2Fcomments&post=35533"}],"version-history":[{"count":0,"href":"http:\/\/informateesquina.com\/index.php?rest_route=\/wp\/v2\/posts\/35533\/revisions"}],"wp:featuredmedia":[{"embeddable":true,"href":"http:\/\/informateesquina.com\/index.php?rest_route=\/"}],"wp:attachment":[{"href":"http:\/\/informateesquina.com\/index.php?rest_route=%2Fwp%2Fv2%2Fmedia&parent=35533"}],"wp:term":[{"taxonomy":"category","embeddable":true,"href":"http:\/\/informateesquina.com\/index.php?rest_route=%2Fwp%2Fv2%2Fcategories&post=35533"},{"taxonomy":"post_tag","embeddable":true,"href":"http:\/\/informateesquina.com\/index.php?rest_route=%2Fwp%2Fv2%2Ftags&post=35533"}],"curies":[{"name":"wp","href":"https:\/\/api.w.org\/{rel}","templated":true}]}}