{"id":35542,"date":"2020-01-28T22:05:04","date_gmt":"2020-01-29T01:05:04","guid":{"rendered":"https:\/\/informateesquina.com\/?p=35542"},"modified":"2020-01-28T22:05:04","modified_gmt":"2020-01-29T01:05:04","slug":"denisse-reina-de-caru-cura-bailo-desde-que-empece-a-caminar","status":"publish","type":"post","link":"http:\/\/informateesquina.com\/?p=35542","title":{"rendered":"Denisse, reina de Car\u00fa Cur\u00e1: &#8220;Bailo desde que empec\u00e9 a caminar&#8221;"},"content":{"rendered":"<p>La reina de Car\u00fa Cur\u00e1, Denisse pas\u00f3 por Comunic\u00e1ndonos Esquina y habl\u00f3 de sus expectativas para esta edici\u00f3n 2020.<\/p>\n<audio class=\"wp-audio-shortcode\" id=\"audio-35542-1\" preload=\"none\" style=\"width: 100%;\" controls=\"controls\"><source type=\"audio\/ogg\" src=\"https:\/\/informateesquina.com\/wp-content\/uploads\/2020\/01\/reina.ogg?_=1\" \/><a href=\"https:\/\/informateesquina.com\/wp-content\/uploads\/2020\/01\/reina.ogg\">https:\/\/informateesquina.com\/wp-content\/uploads\/2020\/01\/reina.ogg<\/a><\/audio>\n<p>Explic\u00f3 que su amor por la comparsa \u201cviene de familia\u201d y destac\u00f3 que estar como reina \u201ces una alegr\u00eda para todos\u201d. \u201cDesde el a\u00f1o, cuando empec\u00e9 a caminar,\u00a0 ya bail\u00e9 en Car\u00fa Curasitos\u201d. \u201cEn Car\u00fa Cur\u00e1 estoy desde los 15, fui bastonera y los otros a\u00f1os fui figura\u201d, explic\u00f3<\/p>\n<p>&nbsp;<\/p>\n<div class=\"_1dwg _1w_m _q7o\" data-vc-ignore-dynamic=\"1\">\n<div id=\"js_2m\" class=\"_5pbx userContent _3576\" data-testid=\"post_message\" data-ft=\"{&quot;tn&quot;:&quot;K&quot;}\">\n<div id=\"id_5e30da0d03ef75938026983\" class=\"text_exposed_root text_exposed\">\n<h3><strong>As\u00ed ser\u00e1 nuestra semana verde y blanca <span class=\"_5mfr\"><span class=\"_6qdm\">?<\/span><\/span><\/strong><\/h3>\n<p>Jueves: 21 Hs. ensayo en el deck de la playa.<\/p>\n<div class=\"text_exposed_show\">\n<p>Viernes: 21 Hs. Gran previa en Mitre y San Mart\u00edn!!<br \/>\nLa verde con todo!!!<\/p>\n<p>As\u00ed ser\u00e1 el ingreso el d\u00eda s\u00e1bado a la fiesta de Mia y Denisse<span class=\"_5mfr\"><span class=\"_6qdm\">?<\/span><\/span><span class=\"_5mfr\"><span class=\"_6qdm\">?<\/span><\/span><span class=\"_5mfr\"><span class=\"_6qdm\">?<\/span><\/span><\/p>\n<\/div>\n<\/div>\n<\/div>\n<div class=\"_3x-2\" data-ft=\"{&quot;tn&quot;:&quot;H&quot;}\">\n<div data-ft=\"{&quot;tn&quot;:&quot;H&quot;}\">\n<div class=\"mtm\">\n<div>\n<div class=\"_1ktf\" data-ft=\"{&quot;tn&quot;:&quot;E&quot;}\">\n<div class=\"_46-h _517g\"><img loading=\"lazy\" decoding=\"async\" class=\"_46-i img\" src=\"https:\/\/scontent.fcnq1-1.fna.fbcdn.net\/v\/t1.0-0\/p526x296\/83972182_1090918604592187_1099070573289406464_o.jpg?_nc_cat=100&amp;_nc_eui2=AeEzn5XFDu23iZ3XK_88xP0s0B2YKUv29youbpprfSokEydWE5xhyM7eNN5pqZzQ04oh4G5AA6s9ip6hz1ausbx19Ou88mPie5JmVU-g5sHoOg&amp;_nc_ohc=oddD5hD9vGkAX8L9vww&amp;_nc_ht=scontent.fcnq1-1.fna&amp;_nc_tp=6&amp;oh=0995d32c4740c31f434759a15fc26ac5&amp;oe=5ED5C9D3\" alt=\"No hay descripci\u00f3n de la foto disponible.\" width=\"526\" height=\"526\" data-src=\"https:\/\/scontent.fcnq1-1.fna.fbcdn.net\/v\/t1.0-0\/p526x296\/83972182_1090918604592187_1099070573289406464_o.jpg?_nc_cat=100&amp;_nc_eui2=AeEzn5XFDu23iZ3XK_88xP0s0B2YKUv29youbpprfSokEydWE5xhyM7eNN5pqZzQ04oh4G5AA6s9ip6hz1ausbx19Ou88mPie5JmVU-g5sHoOg&amp;_nc_ohc=oddD5hD9vGkAX8L9vww&amp;_nc_ht=scontent.fcnq1-1.fna&amp;_nc_tp=6&amp;oh=0995d32c4740c31f434759a15fc26ac5&amp;oe=5ED5C9D3\" \/><\/div>\n<\/div>\n<\/div>\n<\/div>\n<\/div>\n<\/div>\n<div><\/div>\n<\/div>\n<div>\n<form id=\"u_ps_fetchstream_3_4_6\" class=\"commentable_item\" action=\"https:\/\/www.facebook.com\/ajax\/ufi\/modify.php\" method=\"post\" data-ft=\"{&quot;tn&quot;:&quot;]&quot;}\">\n<div class=\"_4299\">\n<div class=\"_5vsi\"><\/div>\n<div class=\"_78bu\">\n<div class=\"_68wo\" data-testid=\"fbFeedStoryUFI\/feedbackSummary\">\n<div class=\"_3vum\"><\/div>\n<\/div>\n<div class=\"_1dnh\">\n<div class=\"_3vuz\">\n<div class=\"_666k\" data-testid=\"UFI2ReactionLink\/actionLink\">\n<div class=\"_8c74\"><\/div>\n<\/div>\n<\/div>\n<\/div>\n<\/div>\n<\/div>\n<\/form>\n<\/div>\n","protected":false},"excerpt":{"rendered":"<p>La reina de Car\u00fa Cur\u00e1, Denisse pas\u00f3 por Comunic\u00e1ndonos Esquina y habl\u00f3 de sus expectativas para esta edici\u00f3n 2020. Explic\u00f3 que su amor por la comparsa \u201cviene de familia\u201d y destac\u00f3 que estar como reina \u201ces una alegr\u00eda para todos\u201d. \u201cDesde el a\u00f1o, cuando empec\u00e9 a caminar,\u00a0 ya bail\u00e9 en Car\u00fa Curasitos\u201d. \u201cEn Car\u00fa Cur\u00e1 [&hellip;]<\/p>\n","protected":false},"author":1,"featured_media":35543,"comment_status":"closed","ping_status":"closed","sticky":false,"template":"","format":"audio","meta":{"footnotes":""},"categories":[6],"tags":[],"class_list":["post-35542","post","type-post","status-publish","format-audio","has-post-thumbnail","hentry","category-locales","post_format-post-format-audio"],"_links":{"self":[{"href":"http:\/\/informateesquina.com\/index.php?rest_route=\/wp\/v2\/posts\/35542","targetHints":{"allow":["GET"]}}],"collection":[{"href":"http:\/\/informateesquina.com\/index.php?rest_route=\/wp\/v2\/posts"}],"about":[{"href":"http:\/\/informateesquina.com\/index.php?rest_route=\/wp\/v2\/types\/post"}],"author":[{"embeddable":true,"href":"http:\/\/informateesquina.com\/index.php?rest_route=\/wp\/v2\/users\/1"}],"replies":[{"embeddable":true,"href":"http:\/\/informateesquina.com\/index.php?rest_route=%2Fwp%2Fv2%2Fcomments&post=35542"}],"version-history":[{"count":0,"href":"http:\/\/informateesquina.com\/index.php?rest_route=\/wp\/v2\/posts\/35542\/revisions"}],"wp:featuredmedia":[{"embeddable":true,"href":"http:\/\/informateesquina.com\/index.php?rest_route=\/"}],"wp:attachment":[{"href":"http:\/\/informateesquina.com\/index.php?rest_route=%2Fwp%2Fv2%2Fmedia&parent=35542"}],"wp:term":[{"taxonomy":"category","embeddable":true,"href":"http:\/\/informateesquina.com\/index.php?rest_route=%2Fwp%2Fv2%2Fcategories&post=35542"},{"taxonomy":"post_tag","embeddable":true,"href":"http:\/\/informateesquina.com\/index.php?rest_route=%2Fwp%2Fv2%2Ftags&post=35542"}],"curies":[{"name":"wp","href":"https:\/\/api.w.org\/{rel}","templated":true}]}}