{"id":35551,"date":"2020-01-29T11:59:45","date_gmt":"2020-01-29T14:59:45","guid":{"rendered":"https:\/\/informateesquina.com\/?p=35551"},"modified":"2020-01-29T11:59:45","modified_gmt":"2020-01-29T14:59:45","slug":"guyquiraro-un-hombre-murio-en-el-voraz-incendio-de-su-vivienda","status":"publish","type":"post","link":"http:\/\/informateesquina.com\/?p=35551","title":{"rendered":"Guayquirar\u00f3:\u00a0 Un hombre muri\u00f3 en el voraz incendio de su vivienda"},"content":{"rendered":"<p>El incendio se origin\u00f3 anoche, cerca de las 23:30, por causas que se desconocen.<\/p>\n<p>Si bien los bomberos lograron apagar el incendio, llamas dejaron la vivienda en cenizas en cuesti\u00f3n de minutos y un hombre muri\u00f3 en su interior.<\/p>\n<p>La victima fue identificada como Luis Quiroz de 48 a\u00f1os . La vivienda estaba ubicada sobre ruta 116, en la zona de <em>Guayquirar\u00f3<\/em>.<\/p>\n<p>Foto: Luis Ca\u00f1ete<\/p>\n<p><img loading=\"lazy\" decoding=\"async\" class=\"alignnone size-medium wp-image-35552\" src=\"https:\/\/informateesquina.com\/wp-content\/uploads\/2020\/01\/IMG-20200129-WA0035-300x225.jpg\" alt=\"\" width=\"300\" height=\"225\" \/> <img loading=\"lazy\" decoding=\"async\" class=\"alignnone size-medium wp-image-35553\" src=\"https:\/\/informateesquina.com\/wp-content\/uploads\/2020\/01\/IMG-20200129-WA0034-300x300.jpg\" alt=\"\" width=\"300\" height=\"300\" \/><\/p>\n","protected":false},"excerpt":{"rendered":"<p>El incendio se origin\u00f3 anoche, cerca de las 23:30, por causas que se desconocen. Si bien los bomberos lograron apagar el incendio, llamas dejaron la vivienda en cenizas en cuesti\u00f3n de minutos y un hombre muri\u00f3 en su interior. La victima fue identificada como Luis Quiroz de 48 a\u00f1os . La vivienda estaba ubicada sobre [&hellip;]<\/p>\n","protected":false},"author":1,"featured_media":35552,"comment_status":"closed","ping_status":"closed","sticky":false,"template":"","format":"standard","meta":{"footnotes":""},"categories":[6,8],"tags":[215],"class_list":["post-35551","post","type-post","status-publish","format-standard","has-post-thumbnail","hentry","category-locales","category-policiales","tag-incendio"],"_links":{"self":[{"href":"http:\/\/informateesquina.com\/index.php?rest_route=\/wp\/v2\/posts\/35551","targetHints":{"allow":["GET"]}}],"collection":[{"href":"http:\/\/informateesquina.com\/index.php?rest_route=\/wp\/v2\/posts"}],"about":[{"href":"http:\/\/informateesquina.com\/index.php?rest_route=\/wp\/v2\/types\/post"}],"author":[{"embeddable":true,"href":"http:\/\/informateesquina.com\/index.php?rest_route=\/wp\/v2\/users\/1"}],"replies":[{"embeddable":true,"href":"http:\/\/informateesquina.com\/index.php?rest_route=%2Fwp%2Fv2%2Fcomments&post=35551"}],"version-history":[{"count":0,"href":"http:\/\/informateesquina.com\/index.php?rest_route=\/wp\/v2\/posts\/35551\/revisions"}],"wp:featuredmedia":[{"embeddable":true,"href":"http:\/\/informateesquina.com\/index.php?rest_route=\/"}],"wp:attachment":[{"href":"http:\/\/informateesquina.com\/index.php?rest_route=%2Fwp%2Fv2%2Fmedia&parent=35551"}],"wp:term":[{"taxonomy":"category","embeddable":true,"href":"http:\/\/informateesquina.com\/index.php?rest_route=%2Fwp%2Fv2%2Fcategories&post=35551"},{"taxonomy":"post_tag","embeddable":true,"href":"http:\/\/informateesquina.com\/index.php?rest_route=%2Fwp%2Fv2%2Ftags&post=35551"}],"curies":[{"name":"wp","href":"https:\/\/api.w.org\/{rel}","templated":true}]}}