{"id":35555,"date":"2020-01-29T12:06:43","date_gmt":"2020-01-29T15:06:43","guid":{"rendered":"https:\/\/informateesquina.com\/?p=35555"},"modified":"2020-01-29T12:06:43","modified_gmt":"2020-01-29T15:06:43","slug":"incendio-en-guayquiraro-la-hipotesis-es-que-pudo-haber-sido-intencional","status":"publish","type":"post","link":"http:\/\/informateesquina.com\/?p=35555","title":{"rendered":"Incendio en Guayquirar\u00f3: &#8220;la hip\u00f3tesis es que pudo haber sido intencional&#8221;"},"content":{"rendered":"<p>Luis Ca\u00f1ete, periodista de <em>Guayquirar\u00f3<\/em> habl\u00f3 con Comunic\u00e1ndonos Esquina Corrientes sobre el incendio de anoche, d\u00f3nde muri\u00f3 un hombre. La vivienda estaba ubicada sobre ruta 116.<\/p>\n<p>Si bien los bomberos lograron apagar el incendio, llamas dejaron la vivienda en cenizas en cuesti\u00f3n de minutos y un hombre muri\u00f3 en su interior.<\/p>\n<p>&#8220;La hip\u00f3tesis es que el incendio podr\u00eda haber sido intencional, por la velocidad en qu\u00e9 se apag\u00f3 el fuego&#8221;, dijo.<\/p>\n<p>Por tal motivo, &#8220;el fiscal Ram\u00edrez y los peritos del cuerpo de bomberos de Corrientes est\u00e1n llegando para ver el lugar&#8221;.<\/p>\n<p>La victima fue identificada como Luis Quiroz de 48 a\u00f1os . &#8220;Quiroz recuper\u00f3 la libertad hace poco tiempo, ten\u00eda familia pero no sabemos si viv\u00eda con su familia o no&#8221;, explic\u00f3 el periodista.<\/p>\n<p>&nbsp;<\/p>\n<p>Fotos. Luis Ca\u00f1ete<\/p>\n","protected":false},"excerpt":{"rendered":"<p>Luis Ca\u00f1ete, periodista de Guayquirar\u00f3 habl\u00f3 con Comunic\u00e1ndonos Esquina Corrientes sobre el incendio de anoche, d\u00f3nde muri\u00f3 un hombre. La vivienda estaba ubicada sobre ruta 116. Si bien los bomberos lograron apagar el incendio, llamas dejaron la vivienda en cenizas en cuesti\u00f3n de minutos y un hombre muri\u00f3 en su interior. &#8220;La hip\u00f3tesis es que [&hellip;]<\/p>\n","protected":false},"author":1,"featured_media":35553,"comment_status":"closed","ping_status":"closed","sticky":false,"template":"","format":"standard","meta":{"footnotes":""},"categories":[6,8],"tags":[],"class_list":["post-35555","post","type-post","status-publish","format-standard","has-post-thumbnail","hentry","category-locales","category-policiales"],"_links":{"self":[{"href":"http:\/\/informateesquina.com\/index.php?rest_route=\/wp\/v2\/posts\/35555","targetHints":{"allow":["GET"]}}],"collection":[{"href":"http:\/\/informateesquina.com\/index.php?rest_route=\/wp\/v2\/posts"}],"about":[{"href":"http:\/\/informateesquina.com\/index.php?rest_route=\/wp\/v2\/types\/post"}],"author":[{"embeddable":true,"href":"http:\/\/informateesquina.com\/index.php?rest_route=\/wp\/v2\/users\/1"}],"replies":[{"embeddable":true,"href":"http:\/\/informateesquina.com\/index.php?rest_route=%2Fwp%2Fv2%2Fcomments&post=35555"}],"version-history":[{"count":0,"href":"http:\/\/informateesquina.com\/index.php?rest_route=\/wp\/v2\/posts\/35555\/revisions"}],"wp:featuredmedia":[{"embeddable":true,"href":"http:\/\/informateesquina.com\/index.php?rest_route=\/"}],"wp:attachment":[{"href":"http:\/\/informateesquina.com\/index.php?rest_route=%2Fwp%2Fv2%2Fmedia&parent=35555"}],"wp:term":[{"taxonomy":"category","embeddable":true,"href":"http:\/\/informateesquina.com\/index.php?rest_route=%2Fwp%2Fv2%2Fcategories&post=35555"},{"taxonomy":"post_tag","embeddable":true,"href":"http:\/\/informateesquina.com\/index.php?rest_route=%2Fwp%2Fv2%2Ftags&post=35555"}],"curies":[{"name":"wp","href":"https:\/\/api.w.org\/{rel}","templated":true}]}}