{"id":35565,"date":"2020-01-29T16:32:01","date_gmt":"2020-01-29T19:32:01","guid":{"rendered":"https:\/\/informateesquina.com\/?p=35565"},"modified":"2020-01-29T16:32:01","modified_gmt":"2020-01-29T19:32:01","slug":"quien-es-maximo-thomsen-el-rugbier-mas-complicado-por-el-crimen-de-fernando-baez-sosa","status":"publish","type":"post","link":"http:\/\/informateesquina.com\/?p=35565","title":{"rendered":"Qui\u00e9n es M\u00e1ximo Thomsen, el rugbier m\u00e1s complicado por el crimen de Fernando B\u00e1ez Sosa"},"content":{"rendered":"<h5 class=\"article__title\" style=\"text-align: center;\">El acusado estudia Educaci\u00f3n F\u00edsica y desde el 2017 jugaba en el Club Atl\u00e9tico<\/h5>\n<h5 class=\"article__title\" style=\"text-align: center;\">San Isidro, que tras su detenci\u00f3n lo suspendi\u00f3.<\/h5>\n<div>\n<p><strong>M\u00e1ximo Thomsen<\/strong>\u00a0(20) es uno de los\u00a0<strong>rugbiers acusados que est\u00e1 m\u00e1s &#8220;complicado&#8221;\u00a0<\/strong>por el\u00a0<strong>crimen de Fernando B\u00e1ez Sosa<\/strong>. Es que, seg\u00fan relataron los testigos en las ruedas de reconocimiento, ser\u00eda quien\u00a0<strong>le dio la patada fatal<\/strong>\u00a0a la v\u00edctima cuando estaba inconsciente tirado en el piso, por lo tanto, ser\u00eda considerado como uno de los coautores del homicidio.<\/p>\n<p>Hasta antes que ocurriera el fatal desenlace el pasado\u00a0<strong>18 de enero<\/strong>en la ciudad balnearia de Villa Gesell, frente al boliche Le Brique, Thomsen\u00a0<strong>estudiaba Educaci\u00f3n F\u00edsica\u00a0<\/strong>en la ciudad de Z\u00e1rate.<\/p>\n<p>El joven practic\u00f3 rugby a lo largo de toda su infancia. Durante sus primeros a\u00f1os, lo hizo en el\u00a0<strong>Arsenal Z\u00e1rate<\/strong>. Sin embargo, en el 2017 decidi\u00f3 probar suerte en el<strong>\u00a0Club Atl\u00e9tico de San Isidro (CASI) en la divisi\u00f3n de Menores de 19 a\u00f1os\u00a0<\/strong>donde jug\u00f3 durante dos temporadas. Cuatro veces a la semana, recorr\u00eda los 73 kil\u00f3metros que separan al club de su casa ubicada en el barrio Villa Fox de Z\u00e1rate, para asistir a los entrenamientos y partidos.<\/p>\n<p>Aunque eran muchas las horas de pr\u00e1ctica compartidas, desde el equipo aseguran que el joven nunca se &#8220;integr\u00f3&#8221;.\u00a0Seg\u00fan consign\u00f3\u00a0<em>Clarin,<\/em>\u00a0sus compa\u00f1eros lo describen como alguien<strong>\u00a0<\/strong>&#8220;bastante callado&#8221;.<strong>\u00a0<\/strong>Tras su detenci\u00f3n,\u00a0<strong>la Comisi\u00f3n Directiva decidi\u00f3 suspenderlo<\/strong>.<\/p>\n<p>El acusado siempre vivi\u00f3 en la ciudad de Z\u00e1rate junto a su familia. Debido a la situaci\u00f3n judicial que atraviesa M\u00e1ximo, su madre,<strong>\u00a0Rosal\u00eda Z\u00e1rate renunci\u00f3 al cargo de Secretaria de Obras P\u00fablicas<\/strong>\u00a0en la ciudad de Z\u00e1rate. La decisi\u00f3n fue aceptada inmediatamente por el ejecutivo municipal. Asimismo, en declaraciones con<em>\u00a0TN,<\/em>\u00a0el padre del joven manifest\u00f3\u00a0<strong>&#8220;estar viviendo una pesadilla<\/strong>&#8220;, y que su familia &#8220;est\u00e1 destruida&#8221;.\u00a0<strong>\u201cNo hicieron ning\u00fan plan para matarlo, eso es una locura\u201d,<\/strong>\u00a0asegur\u00f3 a la prensa.<\/p>\n<div>\n<figure class=\"media-image undefined media-image--state-success\"><img decoding=\"async\" class=\"\" src=\"https:\/\/cdn.tn.com.ar\/sites\/default\/files\/styles\/embed_image\/public\/2020\/01\/29\/5e3166d2153b6_tnpic_1580295847.jpg\" srcset=\"\/\/cdn.tn.com.ar\/sites\/default\/files\/styles\/embed_image\/public\/2020\/01\/29\/5e3166d2153b6_tnpic_1580295847.jpg 1080w,\/\/cdn.tn.com.ar\/sites\/default\/files\/styles\/embed_image\/public\/2020\/01\/29\/5e3166d2153b6_tnpic_1580295847.jpg 720w\" data-src=\"\/\/cdn.tn.com.ar\/sites\/default\/files\/styles\/embed_image\/public\/2020\/01\/29\/5e3166d2153b6_tnpic_1580295847.jpg\" data-srcset=\"\/\/cdn.tn.com.ar\/sites\/default\/files\/styles\/embed_image\/public\/2020\/01\/29\/5e3166d2153b6_tnpic_1580295847.jpg 1080w,\/\/cdn.tn.com.ar\/sites\/default\/files\/styles\/embed_image\/public\/2020\/01\/29\/5e3166d2153b6_tnpic_1580295847.jpg 720w\" \/><\/figure>\n<\/div>\n<p>En el marco de la causa que investiga el crimen de Fernando B\u00e1ez Sosa, la intervenci\u00f3n de un nuevo testigo que se present\u00f3 a declarar por voluntad propia confirm\u00f3 los testimonios de los amigos de Fernando. Al respecto, Burlando, el abogado de la familia, insisti\u00f3: &#8220;Para nosotros est\u00e1 todo terminado,<strong>\u00a0la investigaci\u00f3n fue contundente&#8221;.<\/strong><\/p>\n<\/div>\n","protected":false},"excerpt":{"rendered":"<p>El acusado estudia Educaci\u00f3n F\u00edsica y desde el 2017 jugaba en el Club Atl\u00e9tico San Isidro, que tras su detenci\u00f3n lo suspendi\u00f3. M\u00e1ximo Thomsen\u00a0(20) es uno de los\u00a0rugbiers acusados que est\u00e1 m\u00e1s &#8220;complicado&#8221;\u00a0por el\u00a0crimen de Fernando B\u00e1ez Sosa. Es que, seg\u00fan relataron los testigos en las ruedas de reconocimiento, ser\u00eda quien\u00a0le dio la patada fatal\u00a0a [&hellip;]<\/p>\n","protected":false},"author":1,"featured_media":35566,"comment_status":"closed","ping_status":"closed","sticky":false,"template":"","format":"standard","meta":{"footnotes":""},"categories":[8],"tags":[],"class_list":["post-35565","post","type-post","status-publish","format-standard","has-post-thumbnail","hentry","category-policiales"],"_links":{"self":[{"href":"http:\/\/informateesquina.com\/index.php?rest_route=\/wp\/v2\/posts\/35565","targetHints":{"allow":["GET"]}}],"collection":[{"href":"http:\/\/informateesquina.com\/index.php?rest_route=\/wp\/v2\/posts"}],"about":[{"href":"http:\/\/informateesquina.com\/index.php?rest_route=\/wp\/v2\/types\/post"}],"author":[{"embeddable":true,"href":"http:\/\/informateesquina.com\/index.php?rest_route=\/wp\/v2\/users\/1"}],"replies":[{"embeddable":true,"href":"http:\/\/informateesquina.com\/index.php?rest_route=%2Fwp%2Fv2%2Fcomments&post=35565"}],"version-history":[{"count":0,"href":"http:\/\/informateesquina.com\/index.php?rest_route=\/wp\/v2\/posts\/35565\/revisions"}],"wp:featuredmedia":[{"embeddable":true,"href":"http:\/\/informateesquina.com\/index.php?rest_route=\/"}],"wp:attachment":[{"href":"http:\/\/informateesquina.com\/index.php?rest_route=%2Fwp%2Fv2%2Fmedia&parent=35565"}],"wp:term":[{"taxonomy":"category","embeddable":true,"href":"http:\/\/informateesquina.com\/index.php?rest_route=%2Fwp%2Fv2%2Fcategories&post=35565"},{"taxonomy":"post_tag","embeddable":true,"href":"http:\/\/informateesquina.com\/index.php?rest_route=%2Fwp%2Fv2%2Ftags&post=35565"}],"curies":[{"name":"wp","href":"https:\/\/api.w.org\/{rel}","templated":true}]}}