{"id":35568,"date":"2020-01-29T16:41:51","date_gmt":"2020-01-29T19:41:51","guid":{"rendered":"https:\/\/informateesquina.com\/?p=35568"},"modified":"2020-01-29T16:41:51","modified_gmt":"2020-01-29T19:41:51","slug":"secuestraron-en-mexico-una-tonelada-de-cocaina-de-una-avioneta-que-salio-de-la-argentina","status":"publish","type":"post","link":"http:\/\/informateesquina.com\/?p=35568","title":{"rendered":"Secuestraron en M\u00e9xico una tonelada de coca\u00edna de una avioneta que sali\u00f3 de la Argentina"},"content":{"rendered":"<h5 class=\"article__title\" style=\"text-align: center;\">El origen del vuelo fue la provincia de Salta. El reporte de la PSA sostiene que la aeronave no ten\u00eda droga. Ahora investigan si fue cargada antes de salir del pa\u00eds. Detuvieron a los pilotos, dos ciudadanos bolivianos.<\/h5>\n<p><img loading=\"lazy\" decoding=\"async\" class=\"alignnone size-medium wp-image-35569\" src=\"https:\/\/informateesquina.com\/wp-content\/uploads\/2020\/01\/3185564w740-300x199.jpg\" alt=\"\" width=\"300\" height=\"199\" \/><\/p>\n<p>El martes secuestraron en\u00a0<strong>M\u00e9xico\u00a0<\/strong>una avioneta que transportaba\u00a0<strong>una tonelada<\/strong>\u00a0de\u00a0<strong>coca\u00edna,\u00a0<\/strong>que habr\u00eda partido de la provincia de Salta y que tiene\u00a0<strong>matr\u00edcula N18ZL,\u00a0<\/strong>indicaron a<strong>\u00a0TN.com.ar\u00a0<\/strong>fuentes del caso.<strong>\u00a0<\/strong>Ten\u00eda como destino Cozumel y era piloteada por dos ciudadanos de nacionalidad boliviana, que fueron\u00a0<strong>detenidos\u00a0<\/strong>por las fuerzas militares locales. El \u00e1rea de Delitos Complejos de la unidad Fiscal de Salta con colaboraci\u00f3n de la Procuradur\u00eda de Narcocriminalidad (PROCUNAR) del NOA\u00a0<strong>abrieron una investigaci\u00f3n\u00a0<\/strong>y dispusieron las primeras medidas en Salta.<\/p>\n<p><img loading=\"lazy\" decoding=\"async\" class=\"alignnone size-medium wp-image-35570\" src=\"https:\/\/informateesquina.com\/wp-content\/uploads\/2020\/01\/3185438w1033-300x200.jpg\" alt=\"\" width=\"300\" height=\"200\" \/><\/p>\n<p>Seg\u00fan las primeras informaciones, la aeronave habr\u00eda aterrizado en el aeropuerto de Salta proveniente desde Chiapas a las 23 del lunes 27 de enero y parti\u00f3 de regreso rumbo al estado del sur de M\u00e9xico el martes 28 de enero a las 5 de la ma\u00f1ana.<\/p>\n<p>La Secretar\u00eda de la Defensa Nacional mexicana indic\u00f3 en un comunicado que mediante su Sistema Integral de Vigilancia A\u00e9rea se detect\u00f3\u00a0<strong>&#8220;una aeronave il\u00edcita en aguas nacionales,<\/strong>\u00a0procedente de Argentina y con destino a Cozumel&#8221;, en el estado de Quintana Roo. Por lo que se &#8220;desplegaron aeronaves de la Fuerza A\u00e9rea Mexicana con el fin de realizar el seguimiento&#8221;.<\/p>\n<div>\n<div class=\"article__body__related-content\"><\/div>\n<\/div>\n<p>Indicaron que durante el trayecto de vuelo &#8220;la tripulaci\u00f3n de la aeronave se percat\u00f3 de la presencia de aviones militares, por lo que decidieron\u00a0<strong>aterrizar de manera forzada<\/strong>\u00a0en el aer\u00f3dromo de Mahahual&#8221;. La terminal est\u00e1 ubicada unos 300 kil\u00f3metros al sur de la isla de Cozumel, tambi\u00e9n en Quintana Roo, a orillas del Mar Caribe.<\/p>\n<p>Tras el aterrizaje los militares inspeccionaron el jet privado y descubrieron<strong>\u00a032 paquetes<\/strong>\u00a0con &#8220;aproximadamente una tonelada de una sustancia blanca similar a la coca\u00edna&#8221; valuados en unos 224.640.000 pesos mexicanos (unos 12 millones de d\u00f3lares), seg\u00fan informaci\u00f3n oficial. A bordo iban dos ciudadanos bolivianos, que fueron detenidos y quedaron a disposici\u00f3n de las autoridades.<\/p>\n<div>\n<figure class=\"media-image undefined media-image--state-success\"><img decoding=\"async\" class=\"\" src=\"https:\/\/cdn.tn.com.ar\/sites\/default\/files\/styles\/embed_image\/public\/2020\/01\/29\/5e31c13bdca55_tnpic_1580318842.jpg\" srcset=\"\/\/cdn.tn.com.ar\/sites\/default\/files\/styles\/embed_image\/public\/2020\/01\/29\/5e31c13bdca55_tnpic_1580318842.jpg 1080w,\/\/cdn.tn.com.ar\/sites\/default\/files\/styles\/embed_image\/public\/2020\/01\/29\/5e31c13bdca55_tnpic_1580318842.jpg 720w\" data-src=\"\/\/cdn.tn.com.ar\/sites\/default\/files\/styles\/embed_image\/public\/2020\/01\/29\/5e31c13bdca55_tnpic_1580318842.jpg\" data-srcset=\"\/\/cdn.tn.com.ar\/sites\/default\/files\/styles\/embed_image\/public\/2020\/01\/29\/5e31c13bdca55_tnpic_1580318842.jpg 1080w,\/\/cdn.tn.com.ar\/sites\/default\/files\/styles\/embed_image\/public\/2020\/01\/29\/5e31c13bdca55_tnpic_1580318842.jpg 720w\" \/><\/figure>\n<\/div>\n<p>Se trata del segundo cargamento de este tipo detectado en los \u00faltimos dos d\u00edas. De hecho el lunes\u00a0<strong>un soldado muri\u00f3 y un general result\u00f3 herido<\/strong>\u00a0despu\u00e9s de que narcotraficantes dispararan contra una patrulla militar que intentaba interceptar una aeronave repleta de drogas que aterriz\u00f3 en un camino al norte de la costa.<\/p>\n","protected":false},"excerpt":{"rendered":"<p>El origen del vuelo fue la provincia de Salta. El reporte de la PSA sostiene que la aeronave no ten\u00eda droga. Ahora investigan si fue cargada antes de salir del pa\u00eds. Detuvieron a los pilotos, dos ciudadanos bolivianos. El martes secuestraron en\u00a0M\u00e9xico\u00a0una avioneta que transportaba\u00a0una tonelada\u00a0de\u00a0coca\u00edna,\u00a0que habr\u00eda partido de la provincia de Salta y que [&hellip;]<\/p>\n","protected":false},"author":1,"featured_media":35569,"comment_status":"closed","ping_status":"closed","sticky":false,"template":"","format":"standard","meta":{"footnotes":""},"categories":[5],"tags":[136,278],"class_list":["post-35568","post","type-post","status-publish","format-standard","has-post-thumbnail","hentry","category-internacionales","tag-destacados","tag-narcotrafico"],"_links":{"self":[{"href":"http:\/\/informateesquina.com\/index.php?rest_route=\/wp\/v2\/posts\/35568","targetHints":{"allow":["GET"]}}],"collection":[{"href":"http:\/\/informateesquina.com\/index.php?rest_route=\/wp\/v2\/posts"}],"about":[{"href":"http:\/\/informateesquina.com\/index.php?rest_route=\/wp\/v2\/types\/post"}],"author":[{"embeddable":true,"href":"http:\/\/informateesquina.com\/index.php?rest_route=\/wp\/v2\/users\/1"}],"replies":[{"embeddable":true,"href":"http:\/\/informateesquina.com\/index.php?rest_route=%2Fwp%2Fv2%2Fcomments&post=35568"}],"version-history":[{"count":0,"href":"http:\/\/informateesquina.com\/index.php?rest_route=\/wp\/v2\/posts\/35568\/revisions"}],"wp:featuredmedia":[{"embeddable":true,"href":"http:\/\/informateesquina.com\/index.php?rest_route=\/"}],"wp:attachment":[{"href":"http:\/\/informateesquina.com\/index.php?rest_route=%2Fwp%2Fv2%2Fmedia&parent=35568"}],"wp:term":[{"taxonomy":"category","embeddable":true,"href":"http:\/\/informateesquina.com\/index.php?rest_route=%2Fwp%2Fv2%2Fcategories&post=35568"},{"taxonomy":"post_tag","embeddable":true,"href":"http:\/\/informateesquina.com\/index.php?rest_route=%2Fwp%2Fv2%2Ftags&post=35568"}],"curies":[{"name":"wp","href":"https:\/\/api.w.org\/{rel}","templated":true}]}}