{"id":35581,"date":"2020-01-29T21:47:51","date_gmt":"2020-01-30T00:47:51","guid":{"rendered":"https:\/\/informateesquina.com\/?p=35581"},"modified":"2020-01-29T21:47:51","modified_gmt":"2020-01-30T00:47:51","slug":"incendio-en-guayquiraro-su-ex-pareja-lo-denuncio-por-violencia-y-ahora-es-sospechosa","status":"publish","type":"post","link":"http:\/\/informateesquina.com\/?p=35581","title":{"rendered":"Incendio en Guayquirar\u00f3: Su ex pareja lo denunci\u00f3 por violencia y ahora es sospechosa"},"content":{"rendered":"<p>Un ciudadano de apellido Quiroz fue hallado muerto dentro de la vivienda de su ex pareja en cercan\u00edas de la localidad de Esquina. Sobre el mismo pesaba una restricci\u00f3n de acercamiento y estuvo detenido hasta el 23 de enero por violencia de g\u00e9nero.<\/p>\n<p>Anoche, alrededor de las 23:15 se produjo el incendio de una casa en el Paraje Guayquirar\u00f3, en la Segunda Secci\u00f3n del Departamento de Esquina. Se trata del domicilio de una mujer pero el cuerpo encontrado pertenece a su ex pareja, quien estaba denunciado por violencia de g\u00e9nero.<\/p>\n<p>Sobre el fallecido pesaba una disposici\u00f3n judicial de restricci\u00f3n de acercamiento y fue liberado el 23 de enero despu\u00e9s de estar detenido por hechos de violencia de g\u00e9nero. Fue identificado como Jos\u00e9 Quiroz y su pareja fue detenida por la Polic\u00eda para averiguar si tiene alguna vinculaci\u00f3n con la muerte del sujeto.<\/p>\n<p>FUENTE RADIO SUDAMERICANA<\/p>\n","protected":false},"excerpt":{"rendered":"<p>Un ciudadano de apellido Quiroz fue hallado muerto dentro de la vivienda de su ex pareja en cercan\u00edas de la localidad de Esquina. Sobre el mismo pesaba una restricci\u00f3n de acercamiento y estuvo detenido hasta el 23 de enero por violencia de g\u00e9nero. Anoche, alrededor de las 23:15 se produjo el incendio de una casa [&hellip;]<\/p>\n","protected":false},"author":1,"featured_media":35586,"comment_status":"closed","ping_status":"closed","sticky":false,"template":"","format":"standard","meta":{"footnotes":""},"categories":[6,8],"tags":[136],"class_list":["post-35581","post","type-post","status-publish","format-standard","has-post-thumbnail","hentry","category-locales","category-policiales","tag-destacados"],"_links":{"self":[{"href":"http:\/\/informateesquina.com\/index.php?rest_route=\/wp\/v2\/posts\/35581","targetHints":{"allow":["GET"]}}],"collection":[{"href":"http:\/\/informateesquina.com\/index.php?rest_route=\/wp\/v2\/posts"}],"about":[{"href":"http:\/\/informateesquina.com\/index.php?rest_route=\/wp\/v2\/types\/post"}],"author":[{"embeddable":true,"href":"http:\/\/informateesquina.com\/index.php?rest_route=\/wp\/v2\/users\/1"}],"replies":[{"embeddable":true,"href":"http:\/\/informateesquina.com\/index.php?rest_route=%2Fwp%2Fv2%2Fcomments&post=35581"}],"version-history":[{"count":0,"href":"http:\/\/informateesquina.com\/index.php?rest_route=\/wp\/v2\/posts\/35581\/revisions"}],"wp:featuredmedia":[{"embeddable":true,"href":"http:\/\/informateesquina.com\/index.php?rest_route=\/"}],"wp:attachment":[{"href":"http:\/\/informateesquina.com\/index.php?rest_route=%2Fwp%2Fv2%2Fmedia&parent=35581"}],"wp:term":[{"taxonomy":"category","embeddable":true,"href":"http:\/\/informateesquina.com\/index.php?rest_route=%2Fwp%2Fv2%2Fcategories&post=35581"},{"taxonomy":"post_tag","embeddable":true,"href":"http:\/\/informateesquina.com\/index.php?rest_route=%2Fwp%2Fv2%2Ftags&post=35581"}],"curies":[{"name":"wp","href":"https:\/\/api.w.org\/{rel}","templated":true}]}}