{"id":35589,"date":"2020-01-29T21:55:07","date_gmt":"2020-01-30T00:55:07","guid":{"rendered":"https:\/\/informateesquina.com\/?p=35589"},"modified":"2020-01-29T21:55:07","modified_gmt":"2020-01-30T00:55:07","slug":"el-gobernador-valdes-recibe-al-ministro-de-ambiente-de-la-nacion","status":"publish","type":"post","link":"http:\/\/informateesquina.com\/?p=35589","title":{"rendered":"El gobernador Vald\u00e9s recibe al Ministro de Ambiente de la Naci\u00f3n"},"content":{"rendered":"<p align=\"center\"><span style=\"font-family: verdana, sans-serif;\">Este jueves a las 9:45 en Casa de Gobierno, el gobernador Gustavo Vald\u00e9s recibir\u00e1 la visita del ministro de Ambiente y Desarrollo Sostenible de la Naci\u00f3n, Juan Cabandi\u00e9, quien traer\u00e1 al mandatario provincial su saludo protocolar, dado que ser\u00e1 el primer encuentro oficial entre ambos.<\/span><\/p>\n<p><span style=\"font-family: verdana, sans-serif;\"> <img loading=\"lazy\" decoding=\"async\" class=\"alignnone size-medium wp-image-35590\" src=\"https:\/\/informateesquina.com\/wp-content\/uploads\/2020\/01\/20200129102455_879A0933-01-300x200.jpeg\" alt=\"\" width=\"300\" height=\"200\" \/> <img loading=\"lazy\" decoding=\"async\" class=\"alignnone size-medium wp-image-35591\" src=\"https:\/\/informateesquina.com\/wp-content\/uploads\/2020\/01\/20200129102439_879A0912-01-300x200.jpeg\" alt=\"\" width=\"300\" height=\"200\" \/><\/span><span style=\"font-family: verdana, sans-serif;\">\u00a0<\/span><\/p>\n<p><b><span style=\"font-family: verdana, sans-serif;\">PRESENTACI\u00d3N PROTOCOLAR EN CASA DE GOBIERNO<\/span><\/b><\/p>\n<p><b><span style=\"font-family: verdana, sans-serif;\">\u00a0<\/span><\/b><\/p>\n<p align=\"center\"><b><span style=\"font-family: verdana, sans-serif;\">El gobernador Vald\u00e9s recibi\u00f3 al nuevo director regional de Prefectura y coincidieron en el trabajo conjunto<\/span><\/b><\/p>\n<p><span style=\"font-family: verdana, sans-serif;\">\u00a0<\/span><\/p>\n<p><span style=\"font-family: verdana, sans-serif;\">El gobernador Gustavo Vald\u00e9s recibi\u00f3 este mi\u00e9rcoles al prefecto general Osvaldo Daporta, flamante director de la Regi\u00f3n Norte de la Prefectura Naval Argentina, quien se present\u00f3 ante el mandatario provincial para cumplir con el saludo protocolar que impone la nueva funci\u00f3n. El prefecturiano se puso a disposici\u00f3n en la ocasi\u00f3n para el trabajo en conjunto con la Polic\u00eda de Corrientes y ratific\u00f3 la desmentida judicial sobre el involucramiento al gobernador correntino en un caso de narcotr\u00e1fico, mediante una falsa noticia.\u00a0<\/span><\/p>\n<p><span style=\"font-family: verdana, sans-serif;\">\u00a0<\/span><\/p>\n<p><span style=\"font-family: verdana, sans-serif;\">\u201cVine a presentar mis saludos al se\u00f1or Gobernador, dado que el d\u00eda 13 de enero me hice cargo aqu\u00ed de la Regi\u00f3n Norte, que abarca Corrientes, Misiones, Chaco, Formosa y Santiago del Estero, por lo cual tambi\u00e9n voy a tratar de saludar a las m\u00e1ximas autoridades de cada provincia\u201d, declar\u00f3 Daporta al salir de la reuni\u00f3n que tuvo lugar en el despacho oficial de Vald\u00e9s.<\/span><\/p>\n<p><span style=\"font-family: verdana, sans-serif;\">\u00a0<\/span><\/p>\n<p><span style=\"font-family: verdana, sans-serif;\">Luego indic\u00f3 que la charla all\u00ed mantenida fue muy amena, calificando al Gobernador como \u201cuna excelente persona, muy amable y cordial\u201d y a quien le agradeci\u00f3, porque \u201cse puso a disposici\u00f3n, igual que yo ante \u00e9l para lo que necesiten, ya que vamos a trabajar juntos por el bien del pueblo\u201d.<\/span><\/p>\n<p><span style=\"font-family: verdana, sans-serif;\">\u00a0<\/span><\/p>\n<p><span style=\"font-family: verdana, sans-serif;\">En este sentido, relat\u00f3 que \u201ccasualmente soy amigo del comisario general F\u00e9lix Barboza (Jefe de la Polic\u00eda de Corrientes), as\u00ed que le dije (al Gobernador) que nos vamos a juntar para trabajar y as\u00ed ayudar a la seguridad de toda la provincia\u201d.<\/span><\/p>\n<p><span style=\"font-family: verdana, sans-serif;\">\u00a0<\/span><\/p>\n<p><span style=\"font-family: verdana, sans-serif;\">Cabe se\u00f1alar que durante el contacto con la prensa en Casa de Gobierno, Daporta fue consultado sobre la falsa noticia que vinculaba a Vald\u00e9s y un funcionario provincial con un secuestro de drogas en una embarcaci\u00f3n. Y aunque no mencion\u00f3 que este tema lo haya hablado con el mandatario provincial en este encuentro, se\u00f1al\u00f3 al respecto: \u201cLo que dijo el Fiscal (Flavio) Ferrini tiene raz\u00f3n\u201d, considerando que el funcionario judicial que entiende en esa causa descart\u00f3 veracidad alguna en esa versi\u00f3n emanada desde un medio local.<\/span><\/p>\n<p><span style=\"font-family: verdana, sans-serif;\">\u00a0<\/span><\/p>\n<p><span style=\"font-family: verdana, sans-serif;\">Y el nuevo jefe regional de Prefectura tambi\u00e9n fue categ\u00f3rico en la desmentida al afirmar que \u201cno hay ninguna vinculaci\u00f3n pol\u00edtica en ese caso, no es cierta esa informaci\u00f3n\u201d.<\/span><\/p>\n<p><span style=\"font-family: verdana, sans-serif;\">\u00a0<\/span><\/p>\n<p><span style=\"font-family: verdana, sans-serif;\">Cabe agregar que Daporta estuvo acompa\u00f1ado en esta visita al Gobernador, por el prefecto Claudio Antonio Vaca, jefe Divisi\u00f3n Secretar\u00eda Oficina de Investigaciones de Violencia de G\u00e9nero.<\/span><\/p>\n","protected":false},"excerpt":{"rendered":"<p>Este jueves a las 9:45 en Casa de Gobierno, el gobernador Gustavo Vald\u00e9s recibir\u00e1 la visita del ministro de Ambiente y Desarrollo Sostenible de la Naci\u00f3n, Juan Cabandi\u00e9, quien traer\u00e1 al mandatario provincial su saludo protocolar, dado que ser\u00e1 el primer encuentro oficial entre ambos. \u00a0 PRESENTACI\u00d3N PROTOCOLAR EN CASA DE GOBIERNO \u00a0 El gobernador [&hellip;]<\/p>\n","protected":false},"author":1,"featured_media":35591,"comment_status":"closed","ping_status":"closed","sticky":false,"template":"","format":"standard","meta":{"footnotes":""},"categories":[9,10],"tags":[136],"class_list":["post-35589","post","type-post","status-publish","format-standard","has-post-thumbnail","hentry","category-politica","category-provinciales","tag-destacados"],"_links":{"self":[{"href":"http:\/\/informateesquina.com\/index.php?rest_route=\/wp\/v2\/posts\/35589","targetHints":{"allow":["GET"]}}],"collection":[{"href":"http:\/\/informateesquina.com\/index.php?rest_route=\/wp\/v2\/posts"}],"about":[{"href":"http:\/\/informateesquina.com\/index.php?rest_route=\/wp\/v2\/types\/post"}],"author":[{"embeddable":true,"href":"http:\/\/informateesquina.com\/index.php?rest_route=\/wp\/v2\/users\/1"}],"replies":[{"embeddable":true,"href":"http:\/\/informateesquina.com\/index.php?rest_route=%2Fwp%2Fv2%2Fcomments&post=35589"}],"version-history":[{"count":0,"href":"http:\/\/informateesquina.com\/index.php?rest_route=\/wp\/v2\/posts\/35589\/revisions"}],"wp:featuredmedia":[{"embeddable":true,"href":"http:\/\/informateesquina.com\/index.php?rest_route=\/"}],"wp:attachment":[{"href":"http:\/\/informateesquina.com\/index.php?rest_route=%2Fwp%2Fv2%2Fmedia&parent=35589"}],"wp:term":[{"taxonomy":"category","embeddable":true,"href":"http:\/\/informateesquina.com\/index.php?rest_route=%2Fwp%2Fv2%2Fcategories&post=35589"},{"taxonomy":"post_tag","embeddable":true,"href":"http:\/\/informateesquina.com\/index.php?rest_route=%2Fwp%2Fv2%2Ftags&post=35589"}],"curies":[{"name":"wp","href":"https:\/\/api.w.org\/{rel}","templated":true}]}}