{"id":35599,"date":"2020-01-29T22:43:25","date_gmt":"2020-01-30T01:43:25","guid":{"rendered":"https:\/\/informateesquina.com\/?p=35599"},"modified":"2020-01-29T22:43:25","modified_gmt":"2020-01-30T01:43:25","slug":"a-puro-ritmo-se-realizo-el-lanzamiento-oficial-de-los-carnavales-de-esquina","status":"publish","type":"post","link":"http:\/\/informateesquina.com\/?p=35599","title":{"rendered":"A puro ritmo, se realiz\u00f3 el lanzamiento oficial de los Carnavales de Esquina"},"content":{"rendered":"<p>Esta ma\u00f1ana, se concret\u00f3 el lanzamiento oficial de los Carnavales de Esquina edici\u00f3n 2020, el cual se realizar\u00e1 el 8, 15 y 22 de febrero.<\/p>\n<p>Estuvieron presentes: Antol\u00edn Segovia, presidente de Yeroqui Por\u00e1; Arnoldo Rohner, presidente de Car\u00fa Cur\u00e1; Edgardo Beltr\u00e1n, organizador del carnaval; el intendente, Hugo Ben\u00edtez; el Secretario de Turismo Esquina, \u00a0Orlando Ribot; el presidente de Football Club, Cristian Corona; y Mauro Ram\u00edrez representante de Esquina Samba Show.<\/p>\n<p>\u201cEstoy muy contento de estar colaborando e invirtiendo en los corsos de nuestra ciudad. Nosotros como Ejecutivo Municipal nos hicimos cargo junto con Beltr\u00e1n de la organizaci\u00f3n, tenemos el cerramiento del corso, la tribuna, la iluminaci\u00f3n, todo corre por cuenta del municipio y lo hacemos como una inversi\u00f3n cultural. \u00a0Hoy est\u00e1n ac\u00e1 los presidentes de las comparsas pero detr\u00e1s de ellos hay mucha gente que trabaja para que se luzcan ustedes, nuestra ciudad, y que el a\u00f1o que viene salgan con m\u00e1s fuerza y m\u00e1s brillo como nos tienen acostumbrado\u201d, dijo el intendente.<\/p>\n<p>Edgardo Beltr\u00e1n brind\u00f3 algunos detalles de lo que ser\u00e1 la organizaci\u00f3n, el orden de entrada de cada comparsa, \u00a0la reestructuraci\u00f3n del Cors\u00f3dromo y los beneficios que tendr\u00e1n los comparseros. \u201cLe pedimos a los comparseros que sean puntuales porque queremos arrancar a las 11 por respeto al p\u00fablico. La idea es terminar cerca de las 4 de la ma\u00f1ana. La semana que viene vamos a tener una reuni\u00f3n con los comparseros, voy a ir a cada ensayo\u201d, explic\u00f3.<\/p>\n<p><img loading=\"lazy\" decoding=\"async\" class=\"alignnone size-medium wp-image-35604\" src=\"https:\/\/informateesquina.com\/wp-content\/uploads\/2020\/01\/b3904672-a60f-4e34-9066-423ce672ed68-300x300.jpg\" alt=\"\" width=\"300\" height=\"300\" \/><\/p>\n<p><img loading=\"lazy\" decoding=\"async\" class=\"alignnone size-medium wp-image-35602\" src=\"https:\/\/informateesquina.com\/wp-content\/uploads\/2020\/01\/0c712650-751d-4843-ab1d-1145cb715c73-300x300.jpg\" alt=\"\" width=\"300\" height=\"300\" \/><\/p>\n<p><img loading=\"lazy\" decoding=\"async\" class=\"alignnone size-medium wp-image-35605\" src=\"https:\/\/informateesquina.com\/wp-content\/uploads\/2020\/01\/864ed4a7-c311-493c-835b-7b7c061779be-300x300.jpg\" alt=\"\" width=\"300\" height=\"300\" \/><\/p>\n<p><img loading=\"lazy\" decoding=\"async\" class=\"alignnone size-medium wp-image-35603\" src=\"https:\/\/informateesquina.com\/wp-content\/uploads\/2020\/01\/bde27bc5-a066-4e82-b36f-a62130d7694a-300x300.jpg\" alt=\"\" width=\"300\" height=\"300\" \/><\/p>\n","protected":false},"excerpt":{"rendered":"<p>Esta ma\u00f1ana, se concret\u00f3 el lanzamiento oficial de los Carnavales de Esquina edici\u00f3n 2020, el cual se realizar\u00e1 el 8, 15 y 22 de febrero. Estuvieron presentes: Antol\u00edn Segovia, presidente de Yeroqui Por\u00e1; Arnoldo Rohner, presidente de Car\u00fa Cur\u00e1; Edgardo Beltr\u00e1n, organizador del carnaval; el intendente, Hugo Ben\u00edtez; el Secretario de Turismo Esquina, \u00a0Orlando Ribot; [&hellip;]<\/p>\n","protected":false},"author":1,"featured_media":35600,"comment_status":"closed","ping_status":"closed","sticky":false,"template":"","format":"video","meta":{"footnotes":""},"categories":[6,11],"tags":[136],"class_list":["post-35599","post","type-post","status-publish","format-video","has-post-thumbnail","hentry","category-locales","category-sociedad","tag-destacados","post_format-post-format-video"],"_links":{"self":[{"href":"http:\/\/informateesquina.com\/index.php?rest_route=\/wp\/v2\/posts\/35599","targetHints":{"allow":["GET"]}}],"collection":[{"href":"http:\/\/informateesquina.com\/index.php?rest_route=\/wp\/v2\/posts"}],"about":[{"href":"http:\/\/informateesquina.com\/index.php?rest_route=\/wp\/v2\/types\/post"}],"author":[{"embeddable":true,"href":"http:\/\/informateesquina.com\/index.php?rest_route=\/wp\/v2\/users\/1"}],"replies":[{"embeddable":true,"href":"http:\/\/informateesquina.com\/index.php?rest_route=%2Fwp%2Fv2%2Fcomments&post=35599"}],"version-history":[{"count":0,"href":"http:\/\/informateesquina.com\/index.php?rest_route=\/wp\/v2\/posts\/35599\/revisions"}],"wp:featuredmedia":[{"embeddable":true,"href":"http:\/\/informateesquina.com\/index.php?rest_route=\/"}],"wp:attachment":[{"href":"http:\/\/informateesquina.com\/index.php?rest_route=%2Fwp%2Fv2%2Fmedia&parent=35599"}],"wp:term":[{"taxonomy":"category","embeddable":true,"href":"http:\/\/informateesquina.com\/index.php?rest_route=%2Fwp%2Fv2%2Fcategories&post=35599"},{"taxonomy":"post_tag","embeddable":true,"href":"http:\/\/informateesquina.com\/index.php?rest_route=%2Fwp%2Fv2%2Ftags&post=35599"}],"curies":[{"name":"wp","href":"https:\/\/api.w.org\/{rel}","templated":true}]}}