{"id":35607,"date":"2020-01-30T09:24:06","date_gmt":"2020-01-30T12:24:06","guid":{"rendered":"https:\/\/informateesquina.com\/?p=35607"},"modified":"2020-01-30T09:24:06","modified_gmt":"2020-01-30T12:24:06","slug":"se-pagan-becas-lideres-comunitarios-y-pensiones-no-contributivas","status":"publish","type":"post","link":"http:\/\/informateesquina.com\/?p=35607","title":{"rendered":"Se pagan Becas, L\u00edderes Comunitarios y Pensiones no Contributivas"},"content":{"rendered":"<p>El Ministerio de Desarrollo Social de la provincia, informa a beneficiarios, que desde el viernes 31 de enero\u00a0 al 7 de febrero del 2020, se paga BECAS\u00a0 a todos los Programas dependientes de este organismo.\u00a0Aquellos beneficiarios que est\u00e1n bancarizados podr\u00e1n acceder al cobro, a trav\u00e9s de los cajeros del Banco de Provincia de Corrientes.\u00a0Mientras que aquellos que a\u00fan no est\u00e1n bancarizados, podr\u00e1n cobrar el beneficio desde este viernes 31, hasta el viernes\u00a0\u00a0 7 de febrero, por Teniente Ib\u00e1\u00f1ez al 1820, de\u00a0 8 a 13, en el Centro de Pagos del Banco de Corrientes.<\/p>\n<p><strong>Pensiones No Contributivas<\/strong><\/p>\n<p>Se informa tambi\u00e9n a los beneficiarios de Pensiones no Contributivas, dependientes de este Ministerio, que podr\u00e1n cobrar el beneficio desde este viernes\u00a0 31\u00a0 hasta el viernes\u00a0 7 de febrero por Teniente Ib\u00e1\u00f1ez al 1820, de 8 a 13, en la sede del Banco de Corrientes.<\/p>\n<p>&nbsp;<\/p>\n","protected":false},"excerpt":{"rendered":"<p>El Ministerio de Desarrollo Social de la provincia, informa a beneficiarios, que desde el viernes 31 de enero\u00a0 al 7 de febrero del 2020, se paga BECAS\u00a0 a todos los Programas dependientes de este organismo.\u00a0Aquellos beneficiarios que est\u00e1n bancarizados podr\u00e1n acceder al cobro, a trav\u00e9s de los cajeros del Banco de Provincia de Corrientes.\u00a0Mientras que [&hellip;]<\/p>\n","protected":false},"author":1,"featured_media":35608,"comment_status":"closed","ping_status":"closed","sticky":false,"template":"","format":"standard","meta":{"footnotes":""},"categories":[6,10],"tags":[136],"class_list":["post-35607","post","type-post","status-publish","format-standard","has-post-thumbnail","hentry","category-locales","category-provinciales","tag-destacados"],"_links":{"self":[{"href":"http:\/\/informateesquina.com\/index.php?rest_route=\/wp\/v2\/posts\/35607","targetHints":{"allow":["GET"]}}],"collection":[{"href":"http:\/\/informateesquina.com\/index.php?rest_route=\/wp\/v2\/posts"}],"about":[{"href":"http:\/\/informateesquina.com\/index.php?rest_route=\/wp\/v2\/types\/post"}],"author":[{"embeddable":true,"href":"http:\/\/informateesquina.com\/index.php?rest_route=\/wp\/v2\/users\/1"}],"replies":[{"embeddable":true,"href":"http:\/\/informateesquina.com\/index.php?rest_route=%2Fwp%2Fv2%2Fcomments&post=35607"}],"version-history":[{"count":0,"href":"http:\/\/informateesquina.com\/index.php?rest_route=\/wp\/v2\/posts\/35607\/revisions"}],"wp:featuredmedia":[{"embeddable":true,"href":"http:\/\/informateesquina.com\/index.php?rest_route=\/"}],"wp:attachment":[{"href":"http:\/\/informateesquina.com\/index.php?rest_route=%2Fwp%2Fv2%2Fmedia&parent=35607"}],"wp:term":[{"taxonomy":"category","embeddable":true,"href":"http:\/\/informateesquina.com\/index.php?rest_route=%2Fwp%2Fv2%2Fcategories&post=35607"},{"taxonomy":"post_tag","embeddable":true,"href":"http:\/\/informateesquina.com\/index.php?rest_route=%2Fwp%2Fv2%2Ftags&post=35607"}],"curies":[{"name":"wp","href":"https:\/\/api.w.org\/{rel}","templated":true}]}}