{"id":35610,"date":"2020-01-30T12:08:07","date_gmt":"2020-01-30T15:08:07","guid":{"rendered":"https:\/\/informateesquina.com\/?p=35610"},"modified":"2020-01-30T12:08:07","modified_gmt":"2020-01-30T15:08:07","slug":"carnaval-luciano-pereyra-llega-a-corrientes-el-18-de-febrero","status":"publish","type":"post","link":"http:\/\/informateesquina.com\/?p=35610","title":{"rendered":"Carnaval: Luciano Pereyra llega a Corrientes el 18 de febrero"},"content":{"rendered":"<div class=\"col-md-12\">\n<h1><span style=\"color: #666666; font-family: Roboto, sans-serif; font-size: 15px;\">En los estudios de Sudamericana, Aquiles Sojo, propietario de Ake Music, confirm\u00f3 que la presencia en el Anfiteatro Cocomarola del artista se enmarca en lo que la organizaci\u00f3n denomina \u201cel Mes del Carnaval\u201d. Adem\u00e1s, adelant\u00f3 cuestiones relacionadas a la fiesta de Momo que comienza este viernes en el Nolo Al\u00edas.<\/span><\/h1>\n<div class=\"image_review_wrapper\">\n<div class=\"swiper-container swiper-container-horizontal swiper-container-android\">\n<div class=\"swiper-wrapper\">\n<div class=\"swiper-slide swiper-slide-active\"><a href=\"https:\/\/www.radiosudamericana.com\/notix\/multimedia\/imagenes\/fotos\/2020-01-30\/897550.jpg\"><img decoding=\"async\" class=\"img-responsive\" src=\"https:\/\/www.radiosudamericana.com\/notix\/multimedia\/imagenes\/fotos\/2020-01-30\/897550.jpg\" alt=\"Responsive image\" \/><\/a><\/div>\n<div class=\"swiper-slide swiper-slide-next\"><a href=\"https:\/\/www.radiosudamericana.com\/notix\/multimedia\/imagenes\/fotos\/2020-01-30\/839662.jpg\"><img decoding=\"async\" class=\"img-responsive\" src=\"https:\/\/www.radiosudamericana.com\/notix\/multimedia\/imagenes\/fotos\/2020-01-30\/839662.jpg\" alt=\"Responsive image\" \/><\/a><\/div>\n<\/div>\n<\/div>\n<\/div>\n<\/div>\n<p>Sojo confirm\u00f3 en exclusiva a Sudamericana que el artista oriundo de Luj\u00e1n, de 38 a\u00f1os de edad, se presentar\u00e1 el martes 18 de febrero en el Anfiteatro Cocomarola. En las pr\u00f3ximas horas, se dar\u00e1n a conocer los puntos de venta de las entradas, as\u00ed como los valores de las mismas.<\/p>\n<p>En la continuidad de las presencias famosas en el Carnaval, tambi\u00e9n confirm\u00f3 que este s\u00e1bado llegar\u00e1 la modelo Nicole Neumman, durante la ma\u00f1ana y en la segunda noche \u201cintentaremos que salude a la gente y que desfile en uno de los carros\u201d. \u201cEstamos en la cuenta regresiva\u201d, destac\u00f3 el organizador del evento, que dijo que \u201ctodo est\u00e1 listo\u201d.<\/p>\n<p><img decoding=\"async\" class=\"img-responsive\" src=\"https:\/\/www.radiosudamericana.com\/notix\/multimedia\/imagenes\/fotos\/2020-01-30\/839662.jpg\" \/><\/p>\n<p><em>&#8220;La idea es mejorar la experiencia para el comparsero y el p\u00fablico&#8221;, dijo en Sudamericana.<\/em><\/p>\n<p>En cuanto al evento, destac\u00f3 que \u201chay mucha pasi\u00f3n, lo vemos con los dirigentes cada vez que se acerca el Carnaval, se termina la buena onda\u201d, bromeando sobre la tradicional rivalidad entre hinchadas de las comparsas. M\u00e1s all\u00e1 de esto, resalt\u00f3 que \u201ccon nosotros hay muy buena relaci\u00f3n, nos ense\u00f1aron mucho porque nosotros sabemos de espect\u00e1culos pero las caracter\u00edsticas del Carnaval son distintas a las de un recital o un festival\u201d.<\/p>\n<p>Recalc\u00f3 los contactos semanales con comparseros y dirigentes, reconoci\u00e9ndoles que \u201cellos son los artistas, la pieza clave del evento y estamos trabajando en muchas reuniones semanales\u201d. Habl\u00f3 sobre la habilitaci\u00f3n parcial de la Autov\u00eda, que permitir\u00e1 un mejor flujo de veh\u00edculos al Cors\u00f3dromo, pero de todos modos pidi\u00f3 paciencia, adelantando que las puertas del predio se abrir\u00e1n dos horas antes de que inicie el evento.<\/p>\n<p>Finalmente, Sojo expuso que \u201cla idea es mejorar la experiencia del Carnaval, tanto para el p\u00fablico como para los comparseros, adem\u00e1s de que para nosotros aprender de esto\u201d. Por ello, no descart\u00f3 que para el a\u00f1o que viene se puedan presentar formalmente para organizar la fiesta<\/p>\n","protected":false},"excerpt":{"rendered":"<p>En los estudios de Sudamericana, Aquiles Sojo, propietario de Ake Music, confirm\u00f3 que la presencia en el Anfiteatro Cocomarola del artista se enmarca en lo que la organizaci\u00f3n denomina \u201cel Mes del Carnaval\u201d. Adem\u00e1s, adelant\u00f3 cuestiones relacionadas a la fiesta de Momo que comienza este viernes en el Nolo Al\u00edas. Sojo confirm\u00f3 en exclusiva a [&hellip;]<\/p>\n","protected":false},"author":1,"featured_media":35611,"comment_status":"closed","ping_status":"closed","sticky":false,"template":"","format":"standard","meta":{"footnotes":""},"categories":[10,11],"tags":[],"class_list":["post-35610","post","type-post","status-publish","format-standard","has-post-thumbnail","hentry","category-provinciales","category-sociedad"],"_links":{"self":[{"href":"http:\/\/informateesquina.com\/index.php?rest_route=\/wp\/v2\/posts\/35610","targetHints":{"allow":["GET"]}}],"collection":[{"href":"http:\/\/informateesquina.com\/index.php?rest_route=\/wp\/v2\/posts"}],"about":[{"href":"http:\/\/informateesquina.com\/index.php?rest_route=\/wp\/v2\/types\/post"}],"author":[{"embeddable":true,"href":"http:\/\/informateesquina.com\/index.php?rest_route=\/wp\/v2\/users\/1"}],"replies":[{"embeddable":true,"href":"http:\/\/informateesquina.com\/index.php?rest_route=%2Fwp%2Fv2%2Fcomments&post=35610"}],"version-history":[{"count":0,"href":"http:\/\/informateesquina.com\/index.php?rest_route=\/wp\/v2\/posts\/35610\/revisions"}],"wp:featuredmedia":[{"embeddable":true,"href":"http:\/\/informateesquina.com\/index.php?rest_route=\/"}],"wp:attachment":[{"href":"http:\/\/informateesquina.com\/index.php?rest_route=%2Fwp%2Fv2%2Fmedia&parent=35610"}],"wp:term":[{"taxonomy":"category","embeddable":true,"href":"http:\/\/informateesquina.com\/index.php?rest_route=%2Fwp%2Fv2%2Fcategories&post=35610"},{"taxonomy":"post_tag","embeddable":true,"href":"http:\/\/informateesquina.com\/index.php?rest_route=%2Fwp%2Fv2%2Ftags&post=35610"}],"curies":[{"name":"wp","href":"https:\/\/api.w.org\/{rel}","templated":true}]}}