{"id":35613,"date":"2020-01-30T16:12:18","date_gmt":"2020-01-30T19:12:18","guid":{"rendered":"https:\/\/informateesquina.com\/?p=35613"},"modified":"2020-01-30T16:12:18","modified_gmt":"2020-01-30T19:12:18","slug":"misiones-fue-la-primera-provincia-en-la-argentina-en-preparar-un-plan-de-accion-contra-el-coronavirus","status":"publish","type":"post","link":"http:\/\/informateesquina.com\/?p=35613","title":{"rendered":"Misiones fue la primera provincia en la Argentina en preparar un plan de acci\u00f3n contra el coronavirus"},"content":{"rendered":"<div class=\"sharedaddy sd-sharing-enabled\">\n<div class=\"robots-nocontent sd-block sd-social sd-social-icon-text sd-sharing\">\n<div class=\"sd-content\"><\/div>\n<\/div>\n<\/div>\n<div class=\"clear\"><\/div>\n<div class=\"entry\">\n<div class=\"entry-inner\">\n<div class=\"foto_relacionada\"><img decoding=\"async\" src=\"https:\/\/static.misionesonline.news\/wp-content\/uploads\/2020\/01\/30115523\/jorge-730x354.jpg\" alt=\"Misiones fue la primera provincia en la Argentina en preparar un plan de acci\u00f3n contra el coronavirus\" data-medium-file=\"\" data-thumb-file=\"\" data-large-file=\"\" \/><\/div>\n<div class=\"bawmrp\">\n<p>As\u00ed lo indic\u00f3 Jorge Guti\u00e9rrez, Jefe de Vigilancia Epidemiol\u00f3gica del Ministerio de Salud P\u00fablica de Misiones. Adem\u00e1s pidi\u00f3 a la poblaci\u00f3n mantener la calma y enfocar su preocupaci\u00f3n en otros males m\u00e1s \u00abcercanos, actuales y reales\u00bb que aquejan a la Tierra Colorada.<\/p>\n<\/div>\n<p>&nbsp;<\/p>\n<p>El jefe de Vigilancia Epidemiol\u00f3gica del Ministerio de Salud P\u00fablica de Misiones, Jorge Guti\u00e9rrez inform\u00f3 que la provincia ya ha tomado precauciones ante el posible brote de coronavirus.<\/p>\n<div class=\"o3fjtbQR\">\n<div id=\"div-gpt-ad-1519828256518-0\" data-google-query-id=\"CIfb_LuArOcCFQMH1Aod5ZYBzw\">\n<div id=\"google_ads_iframe_\/20622042\/clasificados_home_1_0__container__\"><\/div>\n<\/div>\n<\/div>\n<p>\u00abEstamos en alerta con respecto al coronavirus, pero nosotros tenemos\u00a0 problemas reales, cercanos y actuales como son el sarampi\u00f3n y el dengue\u00a0 y no debemos sacar la vista de estos problemas\u00bb, dijo.<\/p>\n<p>En relaci\u00f3n a la enfermedad, indic\u00f3 que como una provincia fronteriza \u00abtenemos mucho riesgo y estamos recibiendo casos sospechosos en todo Brasil, incluyendo Santa Catarina y Paraguay, pero tenemos la tranquilidad de que hemos armado un protocolo inicial y fuimos la primera provincia que hizo ese tipo de reuni\u00f3n con\u00a0 todas las autoridades, Fuerzas Armadas y todo el aparataje sanitario que acompa\u00f1an los aeropuertos y estuvimos armando los protocolos de la provincia\u00bb, explic\u00f3.<\/p>\n<p>Guti\u00e9rrez se\u00f1al\u00f3 que Misiones se adelant\u00f3 a la Naci\u00f3n en el armado del protocolo de seguridad, debido a experiencias similares como la pandemia AH1N1 en el 2008 y 2009, as\u00ed como el \u00e9bola para la que se arm\u00f3 un protocolo y contingencia para esperar a los pacientes. \u00abMuchas veces aparece la nueva enfermedad, se conocen los datos y hemos armado una estrategia para los lugares de ingreso para aquellas personas que provengan de Wuhan, China o pa\u00edses cercanos\u00bb.<\/p>\n<p>\u00abEl protocolo est\u00e1 armado con la sospecha de las personas procedentes de esas naciones y aquellos que se han encontrado en esas zonas y est\u00e1n de regreso a Misiones\u00bb.<\/p>\n<div class=\"tiled-gallery type-rectangular\" data-carousel-extra=\"{&quot;blog_id&quot;:1,&quot;permalink&quot;:&quot;https:\\\/\\\/misionesonline.net\\\/2020\\\/01\\\/30\\\/misiones-fue-la-primera-provincia-en-la-argentina-en-preparar-un-plan-de-accion-contra-el-coronavirus\\\/&quot;,&quot;likes_blog_id&quot;:true}\" data-original-width=\"720\">\n<div class=\"gallery-row\">\n<div class=\"gallery-group images-1\">\n<div class=\"tiled-gallery-item tiled-gallery-item-small\"><a href=\"https:\/\/misionesonline.net\/2020\/01\/30\/misiones-fue-la-primera-provincia-en-la-argentina-en-preparar-un-plan-de-accion-contra-el-coronavirus\/jorge-1-agenda\/\"><img loading=\"lazy\" decoding=\"async\" title=\"jorge 1 agenda\" src=\"https:\/\/static.misionesonline.news\/wp-content\/uploads\/2020\/01\/30115527\/jorge-1-agenda.jpg?w=235&amp;h=417\" width=\"235\" height=\"417\" align=\"left\" data-attachment-id=\"1000000311403\" data-orig-file=\"https:\/\/static.misionesonline.news\/wp-content\/uploads\/2020\/01\/30115527\/jorge-1-agenda.jpg\" data-orig-size=\"281,500\" data-comments-opened=\"0\" data-image-meta=\"{&quot;aperture&quot;:&quot;0&quot;,&quot;credit&quot;:&quot;&quot;,&quot;camera&quot;:&quot;&quot;,&quot;caption&quot;:&quot;&quot;,&quot;created_timestamp&quot;:&quot;0&quot;,&quot;copyright&quot;:&quot;&quot;,&quot;focal_length&quot;:&quot;0&quot;,&quot;iso&quot;:&quot;0&quot;,&quot;shutter_speed&quot;:&quot;0&quot;,&quot;title&quot;:&quot;&quot;,&quot;orientation&quot;:&quot;0&quot;,&quot;keywords&quot;:&quot;Array&quot;}\" data-image-title=\"jorge 1 agenda\" data-image-description=\"\" data-medium-file=\"https:\/\/static.misionesonline.news\/wp-content\/uploads\/2020\/01\/30115527\/jorge-1-agenda-169x300.jpg\" data-large-file=\"https:\/\/static.misionesonline.news\/wp-content\/uploads\/2020\/01\/30115527\/jorge-1-agenda.jpg\" \/><\/a><\/div>\n<\/div>\n<div class=\"gallery-group images-1\">\n<div class=\"tiled-gallery-item tiled-gallery-item-small\"><a href=\"https:\/\/misionesonline.net\/2020\/01\/30\/misiones-fue-la-primera-provincia-en-la-argentina-en-preparar-un-plan-de-accion-contra-el-coronavirus\/jorge-2-agenda\/\"><img loading=\"lazy\" decoding=\"async\" title=\"jorge 2 agenda\" src=\"https:\/\/static.misionesonline.news\/wp-content\/uploads\/2020\/01\/30115531\/jorge-2-agenda.jpg?w=234&amp;h=417\" width=\"234\" height=\"417\" align=\"left\" data-attachment-id=\"1000000311404\" data-orig-file=\"https:\/\/static.misionesonline.news\/wp-content\/uploads\/2020\/01\/30115531\/jorge-2-agenda.jpg\" data-orig-size=\"281,500\" data-comments-opened=\"0\" data-image-meta=\"{&quot;aperture&quot;:&quot;0&quot;,&quot;credit&quot;:&quot;&quot;,&quot;camera&quot;:&quot;&quot;,&quot;caption&quot;:&quot;&quot;,&quot;created_timestamp&quot;:&quot;0&quot;,&quot;copyright&quot;:&quot;&quot;,&quot;focal_length&quot;:&quot;0&quot;,&quot;iso&quot;:&quot;0&quot;,&quot;shutter_speed&quot;:&quot;0&quot;,&quot;title&quot;:&quot;&quot;,&quot;orientation&quot;:&quot;0&quot;,&quot;keywords&quot;:&quot;Array&quot;}\" data-image-title=\"jorge 2 agenda\" data-image-description=\"\" data-medium-file=\"https:\/\/static.misionesonline.news\/wp-content\/uploads\/2020\/01\/30115531\/jorge-2-agenda-169x300.jpg\" data-large-file=\"https:\/\/static.misionesonline.news\/wp-content\/uploads\/2020\/01\/30115531\/jorge-2-agenda.jpg\" \/><\/a><\/div>\n<\/div>\n<div class=\"gallery-group images-1\">\n<div class=\"tiled-gallery-item tiled-gallery-item-small\"><a href=\"https:\/\/misionesonline.net\/2020\/01\/30\/misiones-fue-la-primera-provincia-en-la-argentina-en-preparar-un-plan-de-accion-contra-el-coronavirus\/jorge-3-agenda\/\"><img loading=\"lazy\" decoding=\"async\" title=\"jorge 3 agenda\" src=\"https:\/\/static.misionesonline.news\/wp-content\/uploads\/2020\/01\/30115536\/jorge-3-agenda.jpg?w=234&amp;h=417\" width=\"234\" height=\"417\" align=\"left\" data-attachment-id=\"1000000311405\" data-orig-file=\"https:\/\/static.misionesonline.news\/wp-content\/uploads\/2020\/01\/30115536\/jorge-3-agenda.jpg\" data-orig-size=\"281,500\" data-comments-opened=\"0\" data-image-meta=\"{&quot;aperture&quot;:&quot;0&quot;,&quot;credit&quot;:&quot;&quot;,&quot;camera&quot;:&quot;&quot;,&quot;caption&quot;:&quot;&quot;,&quot;created_timestamp&quot;:&quot;0&quot;,&quot;copyright&quot;:&quot;&quot;,&quot;focal_length&quot;:&quot;0&quot;,&quot;iso&quot;:&quot;0&quot;,&quot;shutter_speed&quot;:&quot;0&quot;,&quot;title&quot;:&quot;&quot;,&quot;orientation&quot;:&quot;0&quot;,&quot;keywords&quot;:&quot;Array&quot;}\" data-image-title=\"jorge 3 agenda\" data-image-description=\"\" data-medium-file=\"https:\/\/static.misionesonline.news\/wp-content\/uploads\/2020\/01\/30115536\/jorge-3-agenda-169x300.jpg\" data-large-file=\"https:\/\/static.misionesonline.news\/wp-content\/uploads\/2020\/01\/30115536\/jorge-3-agenda.jpg\" \/><\/a><\/div>\n<\/div>\n<\/div>\n<\/div>\n<p>El Funcionario precis\u00f3 que existen otros aeropuertos como el de Buenos Aires, donde tambi\u00e9n deben tomarse precauciones. Cit\u00f3 el caso de enfermedades como el sarampi\u00f3n en la que a pesar de que se dijo que Misiones estaba en alto riesgo, es la capita argentina la que tienen mayor cantidad de casos. \u00abNosotros con nuestros principal escudo que es la vacuna hemos logrado contener a Misiones (\u2026) cuando se arman buenos escudos epidemiol\u00f3gicos se consigue esto: que no ingresen por lo menos en esta v\u00eda\u00bb.<\/p>\n<p>A ra\u00edz del anuncio de Paraguay de tomar medidas para el ingreso de extranjeros (carnet de vacunaci\u00f3n), el experto explic\u00f3 que en el caso del coronavirus no existe vacuna para ese mal, pero dijo que los protocolos de intervenci\u00f3n de Misiones difieren.<\/p>\n<p>\u00abPedimos que vengan a nuestra provincia los turistas, ni estamos en contra de la salida de nuestros misioneros a otros pa\u00edses, pero sabemos que Paraguay tiene esa exigencia de los carnets de vacuna, as\u00ed que no es extra\u00f1o eso y es el \u00fanico pa\u00eds que ha anunciado esa medida. Nosotros nos manejamos con recomendaciones y pedimos que la gente est\u00e9 vacunada y que tengan el recaudo\u00a0 de resguardarse\u00bb.<\/p>\n<p>SPM<\/p>\n<\/div>\n<\/div>\n","protected":false},"excerpt":{"rendered":"<p>As\u00ed lo indic\u00f3 Jorge Guti\u00e9rrez, Jefe de Vigilancia Epidemiol\u00f3gica del Ministerio de Salud P\u00fablica de Misiones. Adem\u00e1s pidi\u00f3 a la poblaci\u00f3n mantener la calma y enfocar su preocupaci\u00f3n en otros males m\u00e1s \u00abcercanos, actuales y reales\u00bb que aquejan a la Tierra Colorada. &nbsp; El jefe de Vigilancia Epidemiol\u00f3gica del Ministerio de Salud P\u00fablica de Misiones, [&hellip;]<\/p>\n","protected":false},"author":1,"featured_media":35614,"comment_status":"closed","ping_status":"closed","sticky":false,"template":"","format":"standard","meta":{"footnotes":""},"categories":[11],"tags":[],"class_list":["post-35613","post","type-post","status-publish","format-standard","has-post-thumbnail","hentry","category-sociedad"],"_links":{"self":[{"href":"http:\/\/informateesquina.com\/index.php?rest_route=\/wp\/v2\/posts\/35613","targetHints":{"allow":["GET"]}}],"collection":[{"href":"http:\/\/informateesquina.com\/index.php?rest_route=\/wp\/v2\/posts"}],"about":[{"href":"http:\/\/informateesquina.com\/index.php?rest_route=\/wp\/v2\/types\/post"}],"author":[{"embeddable":true,"href":"http:\/\/informateesquina.com\/index.php?rest_route=\/wp\/v2\/users\/1"}],"replies":[{"embeddable":true,"href":"http:\/\/informateesquina.com\/index.php?rest_route=%2Fwp%2Fv2%2Fcomments&post=35613"}],"version-history":[{"count":0,"href":"http:\/\/informateesquina.com\/index.php?rest_route=\/wp\/v2\/posts\/35613\/revisions"}],"wp:featuredmedia":[{"embeddable":true,"href":"http:\/\/informateesquina.com\/index.php?rest_route=\/"}],"wp:attachment":[{"href":"http:\/\/informateesquina.com\/index.php?rest_route=%2Fwp%2Fv2%2Fmedia&parent=35613"}],"wp:term":[{"taxonomy":"category","embeddable":true,"href":"http:\/\/informateesquina.com\/index.php?rest_route=%2Fwp%2Fv2%2Fcategories&post=35613"},{"taxonomy":"post_tag","embeddable":true,"href":"http:\/\/informateesquina.com\/index.php?rest_route=%2Fwp%2Fv2%2Ftags&post=35613"}],"curies":[{"name":"wp","href":"https:\/\/api.w.org\/{rel}","templated":true}]}}