{"id":35616,"date":"2020-01-30T16:32:56","date_gmt":"2020-01-30T19:32:56","guid":{"rendered":"https:\/\/informateesquina.com\/?p=35616"},"modified":"2020-01-30T16:32:56","modified_gmt":"2020-01-30T19:32:56","slug":"su-ex-violo-a-su-hija-y-ahora-el-ex-cunado-la-amenaza-desde-la-carcel","status":"publish","type":"post","link":"http:\/\/informateesquina.com\/?p=35616","title":{"rendered":"Su ex viol\u00f3 a su hija y ahora el ex cu\u00f1ado la amenaza desde la c\u00e1rcel"},"content":{"rendered":"<p class=\"copete\">Pide que la Justicia intervenga para cuidar su vida y la de sus dos hijas menores de edad. Cambi\u00f3 su n\u00famero de tel\u00e9fono 10 veces y se mud\u00f3 en cuatro ocasiones por miedo a que las maten.<\/p>\n<div class=\"fotos-y-videos\">\n<ul class=\"nav nav-tabs\" role=\"tablist\">\n<li class=\"active\" role=\"presentation\"><a class=\"fotos-desarrollo unlink\" title=\"Violaron a su hija y su ex cu\u00f1ado la amenaza desde la c\u00e1rcel \" href=\"https:\/\/www.radiosudamericana.com\/notix\/multimedia\/imagenes\/fotos\/2020-01-30\/379269.jpg\"><img decoding=\"async\" class=\"img-responsive lazyload center-block\" src=\"https:\/\/www.radiosudamericana.com\/notix\/multimedia\/imagenes\/fotos\/2020-01-30\/379269.jpg\" alt=\"foto: Violaron a su hija y su ex cu\u00f1ado la amenaza desde la c\u00e1rcel \" \/><\/a><\/li>\n<\/ul>\n<\/div>\n<p>&nbsp;<\/p>\n<div class=\"cuerpo\">\n<p>Desde noviembre que\u00a0Y\u00e9sica Bracamonte, de 32 a\u00f1os, y sus dos hijas, de 12 y 5, se convirtieron en\u00a0\u201cn\u00f3mades\u201d del barrio de Quilmes.\u00a0No tienen un domicilio fijo y se\u00a0mudaron cuatro veces en tres meses: pasaron por la casa de su pap\u00e1, de una t\u00eda, de una prima y ahora de su madre, por miedo a que las encuentren y les hagan da\u00f1o. Durante ese tiempo, Y\u00e9sica debi\u00f3 cambiar su tel\u00e9fono m\u00e1s de 10 veces porque recibe amenazas diarias\u00a0del hermano de su ex, a quien denunci\u00f3 por violar sistem\u00e1ticamente a su hija m\u00e1s grande.<\/p>\n<p>Y\u00e9sica conoci\u00f3 a\u00a0Carlos Z\u00e1rate\u00a0cuando ten\u00eda 17 a\u00f1os en Quilmes.\u00a0Pronto se juntaron, se casaron cuando ella cumpli\u00f3 21 y unos a\u00f1os m\u00e1s tarde llegaron las hijas. Estuvieron juntos 14 a\u00f1os,\u00a0hasta que decidi\u00f3 denunciarlo por violencia de g\u00e9nero.\u00a0No era la primera vez que \u00e9l le pegaba -tambi\u00e9n la hab\u00eda violado en varias ocasiones- pero s\u00ed la primera que ella hab\u00eda tomado coraje para ir a la comisar\u00eda a pedir que la ayuden.\u00a0La Justicia dict\u00f3 una medida perimetral para protegerla y ella dej\u00f3 la casa familiar con sus hijas.<\/p>\n<p><a class=\"fotos-desarrollo unlink\" title=\"Violaron a su hija y su ex cu\u00f1ado la amenaza desde la c\u00e1rcel \" href=\"https:\/\/www.radiosudamericana.com\/notix\/multimedia\/imagenes\/fotos\/2020-01-30\/849123.jpg\"><img decoding=\"async\" class=\"img-responsive\" src=\"https:\/\/www.radiosudamericana.com\/notix\/multimedia\/imagenes\/fotos\/2020-01-30\/849123.jpg\" \/><\/a><\/p>\n<p>Pese a los antecedentes, Y\u00e9sica asegura que su verdadero infierno comenz\u00f3 el 2 de septiembre del a\u00f1o pasado.\u00a0\u201cFue cuando mi hija m\u00e1s grande me admiti\u00f3 que el padre la violaba desde que ten\u00eda 10 a\u00f1os\u201d, dijo\u00a0a minutouno.com. Seg\u00fan relat\u00f3, la nena volvi\u00f3 descompuesta despu\u00e9s de pasar el fin de semana con el pap\u00e1.<\/p>\n<p><a class=\"fotos-desarrollo unlink\" title=\"Violaron a su hija y su ex cu\u00f1ado la amenaza desde la c\u00e1rcel \" href=\"https:\/\/www.radiosudamericana.com\/notix\/multimedia\/imagenes\/fotos\/2020-01-30\/626746.jpg\"><img decoding=\"async\" class=\"img-responsive\" src=\"https:\/\/www.radiosudamericana.com\/notix\/multimedia\/imagenes\/fotos\/2020-01-30\/626746.jpg\" \/><\/a><a class=\"fotos-desarrollo unlink\" title=\"Violaron a su hija y su ex cu\u00f1ado la amenaza desde la c\u00e1rcel \" href=\"https:\/\/www.radiosudamericana.com\/notix\/multimedia\/imagenes\/fotos\/2020-01-30\/990462.jpg\"><img decoding=\"async\" class=\"img-responsive\" src=\"https:\/\/www.radiosudamericana.com\/notix\/multimedia\/imagenes\/fotos\/2020-01-30\/990462.jpg\" \/><\/a><\/p>\n<p>\u201cEsa noche la nena no paraba de llorar, dec\u00eda que le dol\u00eda la panza pero no quer\u00eda ir al m\u00e9dico.\u00a0Cuando se levant\u00f3 el lunes ten\u00eda un ojo hinchado y la llev\u00e9 al oculista. Me dijo que ten\u00eda presi\u00f3n ocular por los nervios\u201d, cont\u00f3 Y\u00e9sica y detall\u00f3 que esa misma tarde la ni\u00f1a\u00a0le confes\u00f3 que su pap\u00e1 hab\u00eda abusado de ella.<\/p>\n<p>En el Hospital Iriarte de Quilmes la revisaron y corroboraron que hab\u00eda sido violada. La mam\u00e1 hizo la denuncia en la Comisar\u00eda Primera de esa localidad. All\u00ed le tomaron declaraci\u00f3n a la nena, a trav\u00e9s de una C\u00e1mara Gesell, y\u00a0admiti\u00f3 que la abusaba sistem\u00e1ticamente durante dos a\u00f1os.\u00a0Tambi\u00e9n le hicieron una pericia psicol\u00f3gica.\u00a0Se abri\u00f3 una causa en el juzgado de garant\u00edas N\u00ba1 y Zarate permanece detenido preventivamente desde entonces en la Unidad 37 de Tandil .<\/p>\n<p>Vivir bajo amenaza<\/p>\n<p>En noviembre de 2019, Y\u00e9sica comenz\u00f3 a recibir amenazas de muerte. Primero la llam\u00f3 una mujer que no conoc\u00eda. Le dec\u00eda que retirara la denuncia porque le iba a sacar la tenencia de las hijas, pero a los pocos d\u00eda del otro lado de la l\u00ednea apareci\u00f3 una voz conocida.\u00a0Era su ex cu\u00f1ado, Miguel Z\u00e1rate\u00a0-hermano de Carlos-quien tambi\u00e9n est\u00e1 preso, pero en la Comisar\u00eda 6ta de Ezpeleta por un robo y ten\u00eda antecedentes penales por un homicidio.<\/p>\n<p>\u201cMe dijo que su hermano no hab\u00eda hecho nada, y que en tal caso era tambi\u00e9n por mi culpa, porque yo lo hab\u00eda dejado. Me amenaz\u00f3 con que iba a salir de prisi\u00f3n en 4 meses y me iba a venir a matar si no levantaba la denuncia\u201d,\u00a0relata. Tambi\u00e9n la amenazaba por\u00a0Facebook\u00a0y mensajes de voz de\u00a0WhatsApp.<\/p>\n<p>Desde entonces, Y\u00e9sica y sus hijas siguen no tienen residencia fija. Hizo la denuncia pero asegura que &#8220;no le garantizan su seguridad&#8221;.\u00a0El pasado domingo el cu\u00f1ado la llam\u00f3 y le advirti\u00f3 que dos amigos \u201ciban a ir a visitarla\u201d.\u00a0Despu\u00e9s, en la madrugada del lunes, dos hombres intentaron entrar en la casa de su pap\u00e1\u00a0-el \u00faltimo domicilio donde ella hab\u00eda vivido-.<\/p>\n<p>\u201cMi miedo es que en dos meses sale y no s\u00e9 qu\u00e9 pueda hacer. Volv\u00ed a la comisar\u00eda pero no quisieron tomarme la denuncia. Mi hija est\u00e1 sufriendo por todo lo que le pas\u00f3, no puedo anotar a a ninguna de las dos en el colegio porque no tenemos un domicilio y por sobre todo eso: toda mi familia est\u00e1 en peligro\u201d, concluye Y\u00e9sica, quien pide que la Justicia y la Polic\u00eda las mantengan a salvo.<\/p>\n<\/div>\n","protected":false},"excerpt":{"rendered":"<p>Pide que la Justicia intervenga para cuidar su vida y la de sus dos hijas menores de edad. Cambi\u00f3 su n\u00famero de tel\u00e9fono 10 veces y se mud\u00f3 en cuatro ocasiones por miedo a que las maten. &nbsp; Desde noviembre que\u00a0Y\u00e9sica Bracamonte, de 32 a\u00f1os, y sus dos hijas, de 12 y 5, se convirtieron [&hellip;]<\/p>\n","protected":false},"author":1,"featured_media":35617,"comment_status":"closed","ping_status":"closed","sticky":false,"template":"","format":"standard","meta":{"footnotes":""},"categories":[8],"tags":[],"class_list":["post-35616","post","type-post","status-publish","format-standard","has-post-thumbnail","hentry","category-policiales"],"_links":{"self":[{"href":"http:\/\/informateesquina.com\/index.php?rest_route=\/wp\/v2\/posts\/35616","targetHints":{"allow":["GET"]}}],"collection":[{"href":"http:\/\/informateesquina.com\/index.php?rest_route=\/wp\/v2\/posts"}],"about":[{"href":"http:\/\/informateesquina.com\/index.php?rest_route=\/wp\/v2\/types\/post"}],"author":[{"embeddable":true,"href":"http:\/\/informateesquina.com\/index.php?rest_route=\/wp\/v2\/users\/1"}],"replies":[{"embeddable":true,"href":"http:\/\/informateesquina.com\/index.php?rest_route=%2Fwp%2Fv2%2Fcomments&post=35616"}],"version-history":[{"count":0,"href":"http:\/\/informateesquina.com\/index.php?rest_route=\/wp\/v2\/posts\/35616\/revisions"}],"wp:featuredmedia":[{"embeddable":true,"href":"http:\/\/informateesquina.com\/index.php?rest_route=\/"}],"wp:attachment":[{"href":"http:\/\/informateesquina.com\/index.php?rest_route=%2Fwp%2Fv2%2Fmedia&parent=35616"}],"wp:term":[{"taxonomy":"category","embeddable":true,"href":"http:\/\/informateesquina.com\/index.php?rest_route=%2Fwp%2Fv2%2Fcategories&post=35616"},{"taxonomy":"post_tag","embeddable":true,"href":"http:\/\/informateesquina.com\/index.php?rest_route=%2Fwp%2Fv2%2Ftags&post=35616"}],"curies":[{"name":"wp","href":"https:\/\/api.w.org\/{rel}","templated":true}]}}