{"id":36491,"date":"2020-02-20T12:29:39","date_gmt":"2020-02-20T15:29:39","guid":{"rendered":"https:\/\/informateesquina.com\/?p=36491"},"modified":"2020-02-20T12:29:39","modified_gmt":"2020-02-20T15:29:39","slug":"mancini-propone-declarar-la-emergencia-para-esquina-sauce-y-pueblo-libertador","status":"publish","type":"post","link":"http:\/\/informateesquina.com\/?p=36491","title":{"rendered":"Mancini propone declarar la emergencia para Esquina, Sauce y Pueblo Libertador"},"content":{"rendered":"<p>La legisladora esquinense Mar\u00eda Eugenia Mancini present\u00f3 en C\u00e1mara de Diputados el proyecto de declaraci\u00f3n de Emergencia y desastre h\u00eddrico, sanitario, vial y productivo para las localidades de Esquina, Pueblo libertador y Sauce.<\/p>\n<p>Esto surge luego de las copiosas lluvias que afectaron a la regi\u00f3n por varios d\u00edas y dejaron como saldo muchas familias evacuadas.<\/p>\n<p>&nbsp;<\/p>\n<p>El proyecto propone declarar 180 d\u00edas de emergencia a partir del 15 de febrero. En sus art\u00edculos enumera una serie de beneficios para productores y comerciantes de la zona.<\/p>\n<p><img loading=\"lazy\" decoding=\"async\" class=\"alignnone size-medium wp-image-36492\" src=\"https:\/\/informateesquina.com\/wp-content\/uploads\/2020\/02\/IMG-20200220-WA0003-225x300.jpg\" alt=\"\" width=\"225\" height=\"300\" \/> <img loading=\"lazy\" decoding=\"async\" class=\"alignnone size-medium wp-image-36493\" src=\"https:\/\/informateesquina.com\/wp-content\/uploads\/2020\/02\/IMG-20200220-WA0002-300x300.jpg\" alt=\"\" width=\"300\" height=\"300\" \/><\/p>\n","protected":false},"excerpt":{"rendered":"<p>La legisladora esquinense Mar\u00eda Eugenia Mancini present\u00f3 en C\u00e1mara de Diputados el proyecto de declaraci\u00f3n de Emergencia y desastre h\u00eddrico, sanitario, vial y productivo para las localidades de Esquina, Pueblo libertador y Sauce. Esto surge luego de las copiosas lluvias que afectaron a la regi\u00f3n por varios d\u00edas y dejaron como saldo muchas familias evacuadas. [&hellip;]<\/p>\n","protected":false},"author":1,"featured_media":36155,"comment_status":"closed","ping_status":"closed","sticky":false,"template":"","format":"standard","meta":{"footnotes":""},"categories":[9],"tags":[],"class_list":["post-36491","post","type-post","status-publish","format-standard","has-post-thumbnail","hentry","category-politica"],"_links":{"self":[{"href":"http:\/\/informateesquina.com\/index.php?rest_route=\/wp\/v2\/posts\/36491","targetHints":{"allow":["GET"]}}],"collection":[{"href":"http:\/\/informateesquina.com\/index.php?rest_route=\/wp\/v2\/posts"}],"about":[{"href":"http:\/\/informateesquina.com\/index.php?rest_route=\/wp\/v2\/types\/post"}],"author":[{"embeddable":true,"href":"http:\/\/informateesquina.com\/index.php?rest_route=\/wp\/v2\/users\/1"}],"replies":[{"embeddable":true,"href":"http:\/\/informateesquina.com\/index.php?rest_route=%2Fwp%2Fv2%2Fcomments&post=36491"}],"version-history":[{"count":0,"href":"http:\/\/informateesquina.com\/index.php?rest_route=\/wp\/v2\/posts\/36491\/revisions"}],"wp:featuredmedia":[{"embeddable":true,"href":"http:\/\/informateesquina.com\/index.php?rest_route=\/"}],"wp:attachment":[{"href":"http:\/\/informateesquina.com\/index.php?rest_route=%2Fwp%2Fv2%2Fmedia&parent=36491"}],"wp:term":[{"taxonomy":"category","embeddable":true,"href":"http:\/\/informateesquina.com\/index.php?rest_route=%2Fwp%2Fv2%2Fcategories&post=36491"},{"taxonomy":"post_tag","embeddable":true,"href":"http:\/\/informateesquina.com\/index.php?rest_route=%2Fwp%2Fv2%2Ftags&post=36491"}],"curies":[{"name":"wp","href":"https:\/\/api.w.org\/{rel}","templated":true}]}}