{"id":36496,"date":"2020-02-20T13:29:39","date_gmt":"2020-02-20T16:29:39","guid":{"rendered":"https:\/\/informateesquina.com\/?p=36496"},"modified":"2020-02-20T13:29:39","modified_gmt":"2020-02-20T16:29:39","slug":"gendarmeria-llama-a-profesionales-para-cubrir-puestos-en-corrientes","status":"publish","type":"post","link":"http:\/\/informateesquina.com\/?p=36496","title":{"rendered":"Gendarmer\u00eda llama a profesionales para cubrir puestos en Corrientes"},"content":{"rendered":"<p style=\"text-align: center;\"><strong><em>Se trata de una convocatoria realizada por la fuerza federal a profesionales interesados en ingresar a la instituci\u00f3n. Desde abogados, contadores y m\u00e9dicos hasta agrimensores y veterinarios, son algunas de las profesiones requeridas.<\/em><\/strong><\/p>\n<p>&nbsp;<\/p>\n<p>La Gendarmer\u00eda Nacional Argentina convoca a incorporar profesionales a la fuerza, con el fin de cubrir m\u00e1s de 160 puestos en las diferentes sedes del pa\u00eds. Por ello, hicieron p\u00fablica las vacantes para el ingreso a la Fuerza por concurso de admisi\u00f3n &#8220;en comisi\u00f3n&#8221;, en la categor\u00eda de Oficiales en los Escalafones Sanidad, Justicia, Apoyo T\u00e9cnico y Reclutamiento Local.<\/p>\n<p>Se trata de m\u00e1s de 160 puestos disponibles a cubrirse en las distintas dependencias con las que cuenta la Gendarmer\u00eda. Aquellos que aprobaran los ex\u00e1menes de ingreso y cumplimenten los requisitos demandados, ingresar\u00e1n con los escalafones de &#8220;Alf\u00e9rez en comisi\u00f3n&#8221;, &#8220;Primer alf\u00e9rez en comisi\u00f3n&#8221;, y &#8220;Subalf\u00e9rez en comisi\u00f3n&#8221;.<\/p>\n<p>&nbsp;<\/p>\n<p><em>FUENTE: www.radiodos.com.ar<\/em><\/p>\n<p>&nbsp;<\/p>\n","protected":false},"excerpt":{"rendered":"<p>Se trata de una convocatoria realizada por la fuerza federal a profesionales interesados en ingresar a la instituci\u00f3n. Desde abogados, contadores y m\u00e9dicos hasta agrimensores y veterinarios, son algunas de las profesiones requeridas. &nbsp; La Gendarmer\u00eda Nacional Argentina convoca a incorporar profesionales a la fuerza, con el fin de cubrir m\u00e1s de 160 puestos en [&hellip;]<\/p>\n","protected":false},"author":1,"featured_media":36497,"comment_status":"closed","ping_status":"closed","sticky":false,"template":"","format":"standard","meta":{"footnotes":""},"categories":[10],"tags":[136],"class_list":["post-36496","post","type-post","status-publish","format-standard","has-post-thumbnail","hentry","category-provinciales","tag-destacados"],"_links":{"self":[{"href":"http:\/\/informateesquina.com\/index.php?rest_route=\/wp\/v2\/posts\/36496","targetHints":{"allow":["GET"]}}],"collection":[{"href":"http:\/\/informateesquina.com\/index.php?rest_route=\/wp\/v2\/posts"}],"about":[{"href":"http:\/\/informateesquina.com\/index.php?rest_route=\/wp\/v2\/types\/post"}],"author":[{"embeddable":true,"href":"http:\/\/informateesquina.com\/index.php?rest_route=\/wp\/v2\/users\/1"}],"replies":[{"embeddable":true,"href":"http:\/\/informateesquina.com\/index.php?rest_route=%2Fwp%2Fv2%2Fcomments&post=36496"}],"version-history":[{"count":0,"href":"http:\/\/informateesquina.com\/index.php?rest_route=\/wp\/v2\/posts\/36496\/revisions"}],"wp:featuredmedia":[{"embeddable":true,"href":"http:\/\/informateesquina.com\/index.php?rest_route=\/"}],"wp:attachment":[{"href":"http:\/\/informateesquina.com\/index.php?rest_route=%2Fwp%2Fv2%2Fmedia&parent=36496"}],"wp:term":[{"taxonomy":"category","embeddable":true,"href":"http:\/\/informateesquina.com\/index.php?rest_route=%2Fwp%2Fv2%2Fcategories&post=36496"},{"taxonomy":"post_tag","embeddable":true,"href":"http:\/\/informateesquina.com\/index.php?rest_route=%2Fwp%2Fv2%2Ftags&post=36496"}],"curies":[{"name":"wp","href":"https:\/\/api.w.org\/{rel}","templated":true}]}}