{"id":36499,"date":"2020-02-20T18:44:12","date_gmt":"2020-02-20T21:44:12","guid":{"rendered":"https:\/\/informateesquina.com\/?p=36499"},"modified":"2020-02-20T18:44:12","modified_gmt":"2020-02-20T21:44:12","slug":"salud-confirmaron-una-muerte-por-dengue-y-otra-por-sarampion","status":"publish","type":"post","link":"http:\/\/informateesquina.com\/?p=36499","title":{"rendered":"Salud: confirmaron una muerte por dengue y otra por sarampi\u00f3n"},"content":{"rendered":"<p class=\"copete\">Una mujer de 50 a\u00f1os de La Matanza falleci\u00f3 por sarampi\u00f3n, mientras que un hombre de 73 a\u00f1os, oriundo de Avellaneda, muri\u00f3 por dengue. Ambos presentaban una condici\u00f3n muy endeble y se atendieron en el sistema privado de salud de CABA<\/p>\n<div class=\"fotos-y-videos\">\n<ul class=\"nav nav-tabs\" role=\"tablist\">\n<li class=\"active\" role=\"presentation\"><\/li>\n<\/ul>\n<div class=\"tab-content\">\n<div id=\"fotos\" class=\"tab-pane fade in active\" role=\"tabpanel\"><a class=\"fotos-desarrollo unlink\" title=\"Salud: confirmaron una muerte por dengue y otra por sarampi\u00f3n\" href=\"https:\/\/www.radiosudamericana.com\/notix\/multimedia\/imagenes\/fotos\/2020-02-20\/374377.jpg\"><img decoding=\"async\" class=\"img-responsive lazyload center-block\" src=\"https:\/\/www.radiosudamericana.com\/notix\/multimedia\/imagenes\/fotos\/2020-02-20\/374377.jpg\" alt=\"foto: Salud: confirmaron una muerte por dengue y otra por sarampi\u00f3n\" \/><\/a><\/div>\n<\/div>\n<\/div>\n<p>&nbsp;<\/p>\n<div class=\"cuerpo\">\n<p>La\u00a0situaci\u00f3n sanitaria respecto al dengue y al sarampi\u00f3n en la Argentina claramente est\u00e1\u00a0in crescendo\u00a0con el correr de los d\u00edas. Y ahora\u00a0alcanz\u00f3 su pico m\u00e1s alto\u00a0al confirmarse la muerte de dos personas por estas enfermedades. Se trata de una mujer bonaerense de La Matanza de 50 a\u00f1os que se atendi\u00f3 en el hospital universitario porte\u00f1o Cemic y de un hombre de 73, que falleci\u00f3 en el reconocido Hospital Italiano tambi\u00e9n de CABA. Se trata de los primeros casos fatales en varios a\u00f1os.<\/p>\n<p>Seg\u00fan relataron las fuentes a las que tuvo acceso Infobae, los bonaerenses fallecidos presentaban una\u00a0condici\u00f3n de salud muy endeble al momento del contagio.\u00a0La mujer era trasplantada y hab\u00eda estado sometida a quimioterapia, mientras que el hombre lleg\u00f3 al hospital privado en condiciones cr\u00edticas.<\/p>\n<p>Anteayer,\u00a0Infobae\u00a0describi\u00f3 la\u00a0preocupante situaci\u00f3n epidemiol\u00f3gica en varias provincias\u00a0del pa\u00eds que se hab\u00eda extendido a toda la regi\u00f3n, al punto de transformarse junto al coronavirus y al sarampi\u00f3n en los principales temas de agenda en la\u00a0reuni\u00f3n de los ministros de Salud del Mercosur, celebrada en Asunci\u00f3n ayer mi\u00e9rcoles 19.<\/p>\n<p>En Argentina,\u00a0el Ministerio de Salud de la provincia de Buenos Aires confirm\u00f3 73 casos de dengue, dos de ellos aut\u00f3ctonos, es decir que no se trata de personas que hayan viajado a zonas con circulaci\u00f3n del virus; en tanto la\u00a0Ciudad de Buenos Aires report\u00f3 en lo que va del a\u00f1o 46 casos importados.<\/p>\n<p>En la provincia de\u00a0Chaco ya hay 13 casos de dengue confirmados y otros 35 que est\u00e1n siendo evaluados;\u00a0mientras que en\u00a0Entre R\u00edos se detectaron 20 importados y 4 aut\u00f3ctonos. Para prevenir la propagaci\u00f3n del virus, las distintas carteras provinciales y municipales llevan a cabo tareas de fumigaci\u00f3n en zonas donde el mosquito puede reproducirse, adem\u00e1s de campa\u00f1as de concientizaci\u00f3n para que en los domicilios particulares se eviten tener potenciales lugares donde se puedan alojar las larvas del mosquito.<\/p>\n<p>El pa\u00eds m\u00e1s golpeado por el actual brote epid\u00e9mico de dengue es\u00a0Paraguay, donde en lo que va de a\u00f1o se confirmaron 16 muertes, otros 89 decesos est\u00e1n en investigaci\u00f3n,\u00a0mientras los contagios son m\u00e1s de 4200, seg\u00fan el \u00faltimo reporte semanal de las autoridades sanitarias.<\/p>\n<p><a class=\"fotos-desarrollo unlink\" title=\"Salud: confirmaron una muerte por dengue y otra por sarampi\u00f3n\" href=\"https:\/\/www.radiosudamericana.com\/notix\/multimedia\/imagenes\/fotos\/2020-02-20\/793973.jpg\"><img decoding=\"async\" class=\"img-responsive\" src=\"https:\/\/www.radiosudamericana.com\/notix\/multimedia\/imagenes\/fotos\/2020-02-20\/793973.jpg\" \/><\/a><\/p>\n<p>Se trata de la epidemia m\u00e1s grave transmitida por el mosquito aedes aegypti en ese pa\u00eds, con epicentro en Asunci\u00f3n y el departamento Central, que abarca a las ciudades del cintur\u00f3n urbano de la capital.<\/p>\n<p>Los ministerios de Salud de la Naci\u00f3n y de la Provincia tienen previsto publicar el reporte detallado de ambos casos mortales este viernes por la ma\u00f1ana, en el bolet\u00edn epidemiol\u00f3gico semanal.<\/p>\n<p><strong>Sarampi\u00f3n, una enfermedad erradicada que volvi\u00f3<\/strong><\/p>\n<p>Seg\u00fan explicaron las fuentes consultadas, el muerto por sarampi\u00f3n sufri\u00f3 una encefalopat\u00eda producto de la enfermedad, prevenible con vacunas. La noticia preocupa porque desde 1998 no hab\u00eda en el pa\u00eds muertes por esta enfermedad, que se transmite de persona a persona.<\/p>\n<p>El brote de sarampi\u00f3n en el pa\u00eds comenz\u00f3 t\u00edmidamente en 2018 y en 2019 se expandi\u00f3 con fuerza.\u00a0El \u00faltimo Bolet\u00edn Epidemiol\u00f3gico del Ministerio de Salud de la Naci\u00f3n dio cuenta de\u00a0126 casos confirmados, desde la \u00faltima semana de agosto hasta el 7 de febrero. Est\u00e1n concentrados en cuatro partidos del Gran Buenos Aires y en la Ciudad de Buenos Aires.<\/p>\n<p>La Provincia, en tanto, est\u00e1 en alerta por la proliferaci\u00f3n de ambas enfermedades, pero en el caso particular del sarampi\u00f3n lo atribuyen a una\u00a0d\u00e9bil campa\u00f1a de vacunaci\u00f3n del anterior Gobierno.<\/p>\n<p>El ministro de Salud, Gin\u00e9s Gonz\u00e1lez Garc\u00eda, dijo esta semana que &#8220;se est\u00e1 trabajando intensamente tratando de bloquear, revacunando. En algunos casos casa por casa hacemos la estrategia y estamos en alerta m\u00e1xima\u201d.<\/p>\n<p><strong>Dengue en expansi\u00f3n<\/strong><\/p>\n<p>En cuanto al dengue, aseguran que contin\u00faan con los operativos de fumigaci\u00f3n, pero que la mejor herramienta contra el\u00a0mosquito aedes aegypti\u00a0(transmisor de la enfermedad) es el descacharrado para evitar la incubaci\u00f3n de larvas. Seg\u00fan las \u00faltimas cifras oficiales, en el distrito bonaerense hay 96 casos confirmados, de los cuales 91 son importados.<\/p>\n<p>Una herramienta que tendr\u00edan en carpeta en la Provincia es la producci\u00f3n p\u00fablica de repelentes en una planta de La Plata. Esto dar\u00eda acceso a la protecci\u00f3n de un sector m\u00e1s amplio de la poblaci\u00f3n que hoy no puede comprar estos productos.<\/p>\n<p>Las \u00faltimas grandes epidemias de dengue en el pa\u00eds ocurrieron en 2009, cuando hubo cinco muertos, y en 2016, cuando se contabilizaron oficialmente 11 decesos. Desde ese momento no se hab\u00edan registrado nuevas muertes.<\/p>\n<p>Los casos de dengue mortal ocurren cuando el que contrae la enfermedad lo hace por segunda vez con una cepa diferente a la anterior, lo que puede desatar el dengue hemorr\u00e1gico. Seg\u00fan se inform\u00f3 esta semana, en Misiones por ejemplo (una de las provincias m\u00e1s afectadas) hay actualmente dos cepas en circulaci\u00f3n.<\/p>\n<\/div>\n","protected":false},"excerpt":{"rendered":"<p>Una mujer de 50 a\u00f1os de La Matanza falleci\u00f3 por sarampi\u00f3n, mientras que un hombre de 73 a\u00f1os, oriundo de Avellaneda, muri\u00f3 por dengue. Ambos presentaban una condici\u00f3n muy endeble y se atendieron en el sistema privado de salud de CABA &nbsp; La\u00a0situaci\u00f3n sanitaria respecto al dengue y al sarampi\u00f3n en la Argentina claramente est\u00e1\u00a0in [&hellip;]<\/p>\n","protected":false},"author":1,"featured_media":36500,"comment_status":"closed","ping_status":"closed","sticky":false,"template":"","format":"standard","meta":{"footnotes":""},"categories":[7,11],"tags":[],"class_list":["post-36499","post","type-post","status-publish","format-standard","has-post-thumbnail","hentry","category-nacionales","category-sociedad"],"_links":{"self":[{"href":"http:\/\/informateesquina.com\/index.php?rest_route=\/wp\/v2\/posts\/36499","targetHints":{"allow":["GET"]}}],"collection":[{"href":"http:\/\/informateesquina.com\/index.php?rest_route=\/wp\/v2\/posts"}],"about":[{"href":"http:\/\/informateesquina.com\/index.php?rest_route=\/wp\/v2\/types\/post"}],"author":[{"embeddable":true,"href":"http:\/\/informateesquina.com\/index.php?rest_route=\/wp\/v2\/users\/1"}],"replies":[{"embeddable":true,"href":"http:\/\/informateesquina.com\/index.php?rest_route=%2Fwp%2Fv2%2Fcomments&post=36499"}],"version-history":[{"count":0,"href":"http:\/\/informateesquina.com\/index.php?rest_route=\/wp\/v2\/posts\/36499\/revisions"}],"wp:featuredmedia":[{"embeddable":true,"href":"http:\/\/informateesquina.com\/index.php?rest_route=\/"}],"wp:attachment":[{"href":"http:\/\/informateesquina.com\/index.php?rest_route=%2Fwp%2Fv2%2Fmedia&parent=36499"}],"wp:term":[{"taxonomy":"category","embeddable":true,"href":"http:\/\/informateesquina.com\/index.php?rest_route=%2Fwp%2Fv2%2Fcategories&post=36499"},{"taxonomy":"post_tag","embeddable":true,"href":"http:\/\/informateesquina.com\/index.php?rest_route=%2Fwp%2Fv2%2Ftags&post=36499"}],"curies":[{"name":"wp","href":"https:\/\/api.w.org\/{rel}","templated":true}]}}