{"id":36542,"date":"2020-02-21T17:47:40","date_gmt":"2020-02-21T20:47:40","guid":{"rendered":"https:\/\/informateesquina.com\/?p=36542"},"modified":"2020-02-21T17:47:40","modified_gmt":"2020-02-21T20:47:40","slug":"bloqueo-y-censura-para-jimena-baron-por-su-nuevo-tema-puta","status":"publish","type":"post","link":"http:\/\/informateesquina.com\/?p=36542","title":{"rendered":"Bloqueo y censura para Jimena Bar\u00f3n por su nuevo tema &#8220;Puta&#8221;"},"content":{"rendered":"<div class=\"detail-body \">\n<div class=\"preview\">\n<p>La artista denunci\u00f3 algunos inconvenientes con el videoclip de su nueva canci\u00f3n tras la pol\u00e9mica que caus\u00f3 durante su promoci\u00f3n.<\/p>\n<\/div>\n<\/div>\n<div class=\"detail-body\">\n<article id=\"note-body\" class=\"note-body first\" data-twitter-link=\"https:\/\/twitter.com\/intent\/tweet?url=https:\/\/www.minutouno.com\/c5084309&amp;v\u00eda=minutounocom&amp;related=MinutoUno&amp;text=\">\n<div class=\"row\">\n<div class=\"inside-note col-xs-12\">\n<p><strong>Jimena Bar\u00f3n<\/strong>\u00a0estren\u00f3 el videoclip de \u201c<strong>Puta<\/strong>\u201d y contin\u00faa la pol\u00e9mica. Al esc\u00e1ndalo por la forma de promocionarlo se le sum\u00f3 ahora la denuncia de la artista de un bloqueo en las redes sociales para calcular la cantidad de visualizaciones de la publicaci\u00f3n.<\/p>\n<\/div>\n<\/div>\n<\/article>\n<\/div>\n<div class=\"banner-libre no-margin\"><\/div>\n<div class=\"clearfix\"><\/div>\n<div class=\"detail-body \">\n<article id=\"note-body\" class=\"note-body\" data-twitter-link=\"https:\/\/twitter.com\/intent\/tweet?url=https:\/\/www.minutouno.com\/c5084309&amp;v\u00eda=minutounocom&amp;related=MinutoUno&amp;text=\">\n<div class=\"row\">\n<div class=\"inside-note col-xs-12\">\n<div id=\"embed72_wrap\" class=\"embed_cont type_freetext no-epigrafe no-copyright\">\n<div id=\"embed72_content\" class=\"embed_content\">\n<div id=\"embed72_embed\"><iframe loading=\"lazy\" src=\"https:\/\/www.youtube.com\/embed\/XfHlgN3IwPg\" width=\"560\" height=\"315\" frameborder=\"0\" allowfullscreen=\"allowfullscreen\" data-mce-fragment=\"1\"><\/iframe><\/div>\n<\/div>\n<\/div>\n<p>Bar\u00f3n no solo fue bloqueada en YouTube sino tambi\u00e9n en Instagram cuando en la medianoche intent\u00f3 hacer un Live con sus seguidores y le censuraron el video.<\/p>\n<p>\u201c<strong>Nos bloquearon los views desde las 8 am Estamos viendo c\u00f3mo resolverlo- Arrancamos con vivo bloqueado, YouTube bloqueado<\/strong>\u201d, escribi\u00f3 en Twitter.<\/p>\n<div id=\"7414121-Libre-1399906201_wrap\" class=\"embed_cont type_imagen no-epigrafe no-copyright\">\n<div id=\"7414121-Libre-1399906201_content\" class=\"embed_content\"><img decoding=\"async\" id=\"7414121-Libre-1399906201_embed\" src=\"https:\/\/media.ratingcero.com\/adjuntos\/154\/imagenes\/037\/414\/0037414891.jpg?0000-00-00-00-00-00\" alt=\"\" \/><\/div>\n<\/div>\n<p>El n\u00famero de visualizaciones en la plataforma de videos se hab\u00eda \u201cclavado\u201d en 311.888 a las 11 horas de publicaci\u00f3n y as\u00ed se mantuvo durante un tiempo.<\/p>\n<p>\u201c<strong>Ay ay ay\u2026 y todo lo que anda dando vueltas sin bloqueo alguno<\/strong>\u201d, se quej\u00f3 Bar\u00f3n.<\/p>\n<\/div>\n<\/div>\n<\/article>\n<\/div>\n","protected":false},"excerpt":{"rendered":"<p>La artista denunci\u00f3 algunos inconvenientes con el videoclip de su nueva canci\u00f3n tras la pol\u00e9mica que caus\u00f3 durante su promoci\u00f3n. Jimena Bar\u00f3n\u00a0estren\u00f3 el videoclip de \u201cPuta\u201d y contin\u00faa la pol\u00e9mica. Al esc\u00e1ndalo por la forma de promocionarlo se le sum\u00f3 ahora la denuncia de la artista de un bloqueo en las redes sociales para calcular [&hellip;]<\/p>\n","protected":false},"author":1,"featured_media":36543,"comment_status":"closed","ping_status":"closed","sticky":false,"template":"","format":"standard","meta":{"footnotes":""},"categories":[4],"tags":[],"class_list":["post-36542","post","type-post","status-publish","format-standard","has-post-thumbnail","hentry","category-espectaculos"],"_links":{"self":[{"href":"http:\/\/informateesquina.com\/index.php?rest_route=\/wp\/v2\/posts\/36542","targetHints":{"allow":["GET"]}}],"collection":[{"href":"http:\/\/informateesquina.com\/index.php?rest_route=\/wp\/v2\/posts"}],"about":[{"href":"http:\/\/informateesquina.com\/index.php?rest_route=\/wp\/v2\/types\/post"}],"author":[{"embeddable":true,"href":"http:\/\/informateesquina.com\/index.php?rest_route=\/wp\/v2\/users\/1"}],"replies":[{"embeddable":true,"href":"http:\/\/informateesquina.com\/index.php?rest_route=%2Fwp%2Fv2%2Fcomments&post=36542"}],"version-history":[{"count":0,"href":"http:\/\/informateesquina.com\/index.php?rest_route=\/wp\/v2\/posts\/36542\/revisions"}],"wp:featuredmedia":[{"embeddable":true,"href":"http:\/\/informateesquina.com\/index.php?rest_route=\/"}],"wp:attachment":[{"href":"http:\/\/informateesquina.com\/index.php?rest_route=%2Fwp%2Fv2%2Fmedia&parent=36542"}],"wp:term":[{"taxonomy":"category","embeddable":true,"href":"http:\/\/informateesquina.com\/index.php?rest_route=%2Fwp%2Fv2%2Fcategories&post=36542"},{"taxonomy":"post_tag","embeddable":true,"href":"http:\/\/informateesquina.com\/index.php?rest_route=%2Fwp%2Fv2%2Ftags&post=36542"}],"curies":[{"name":"wp","href":"https:\/\/api.w.org\/{rel}","templated":true}]}}