{"id":36547,"date":"2020-02-24T11:22:02","date_gmt":"2020-02-24T14:22:02","guid":{"rendered":"https:\/\/informateesquina.com\/?p=36547"},"modified":"2020-02-24T11:22:02","modified_gmt":"2020-02-24T14:22:02","slug":"delegacion-de-comparsas-esquinenses-estara-desfilando-hoy-en-el-nolo-alias","status":"publish","type":"post","link":"http:\/\/informateesquina.com\/?p=36547","title":{"rendered":"Delegaci\u00f3n de comparsas esquinenses estar\u00e1 desfilando hoy en el Nolo Alias"},"content":{"rendered":"<p>Una delegacion de esquina estara actuando a las 23.30 hs en el corsodromo\u00a0 de la capital provincial. Yas\u00ed Ber\u00e1, Car\u00fa Cur\u00e1, Yeroqui Por\u00e1 y Esquina Samba viajan a la ciudad de corrientes invitados por el gobernador Vald\u00e9s.<\/p>\n<p>Con la participaci\u00f3n de 15 comparsas del interior, junto con la campeona \u201cEl Gallo\u201d, la subcampeona \u201cEl Rayo\u201d y la recientemente consagrada Osiris.<\/p>\n","protected":false},"excerpt":{"rendered":"<p>Una delegacion de esquina estara actuando a las 23.30 hs en el corsodromo\u00a0 de la capital provincial. Yas\u00ed Ber\u00e1, Car\u00fa Cur\u00e1, Yeroqui Por\u00e1 y Esquina Samba viajan a la ciudad de corrientes invitados por el gobernador Vald\u00e9s. Con la participaci\u00f3n de 15 comparsas del interior, junto con la campeona \u201cEl Gallo\u201d, la subcampeona \u201cEl Rayo\u201d [&hellip;]<\/p>\n","protected":false},"author":1,"featured_media":36548,"comment_status":"closed","ping_status":"closed","sticky":false,"template":"","format":"standard","meta":{"footnotes":""},"categories":[10],"tags":[136],"class_list":["post-36547","post","type-post","status-publish","format-standard","has-post-thumbnail","hentry","category-provinciales","tag-destacados"],"_links":{"self":[{"href":"http:\/\/informateesquina.com\/index.php?rest_route=\/wp\/v2\/posts\/36547","targetHints":{"allow":["GET"]}}],"collection":[{"href":"http:\/\/informateesquina.com\/index.php?rest_route=\/wp\/v2\/posts"}],"about":[{"href":"http:\/\/informateesquina.com\/index.php?rest_route=\/wp\/v2\/types\/post"}],"author":[{"embeddable":true,"href":"http:\/\/informateesquina.com\/index.php?rest_route=\/wp\/v2\/users\/1"}],"replies":[{"embeddable":true,"href":"http:\/\/informateesquina.com\/index.php?rest_route=%2Fwp%2Fv2%2Fcomments&post=36547"}],"version-history":[{"count":0,"href":"http:\/\/informateesquina.com\/index.php?rest_route=\/wp\/v2\/posts\/36547\/revisions"}],"wp:featuredmedia":[{"embeddable":true,"href":"http:\/\/informateesquina.com\/index.php?rest_route=\/"}],"wp:attachment":[{"href":"http:\/\/informateesquina.com\/index.php?rest_route=%2Fwp%2Fv2%2Fmedia&parent=36547"}],"wp:term":[{"taxonomy":"category","embeddable":true,"href":"http:\/\/informateesquina.com\/index.php?rest_route=%2Fwp%2Fv2%2Fcategories&post=36547"},{"taxonomy":"post_tag","embeddable":true,"href":"http:\/\/informateesquina.com\/index.php?rest_route=%2Fwp%2Fv2%2Ftags&post=36547"}],"curies":[{"name":"wp","href":"https:\/\/api.w.org\/{rel}","templated":true}]}}