{"id":36556,"date":"2020-02-24T18:48:17","date_gmt":"2020-02-24T21:48:17","guid":{"rendered":"https:\/\/informateesquina.com\/?p=36556"},"modified":"2020-02-24T18:48:17","modified_gmt":"2020-02-24T21:48:17","slug":"la-revelacion-de-la-hermana-de-uno-de-los-detenidos-en-puerto-deseado-quiso-matar-a-mi-hijo-en-la-misma-cueva-hace-un-mes","status":"publish","type":"post","link":"http:\/\/informateesquina.com\/?p=36556","title":{"rendered":"La revelaci\u00f3n de la hermana de uno de los detenidos en Puerto Deseado: \u201cQuiso matar a mi hijo en la misma cueva hace un mes&#8221;"},"content":{"rendered":"<div id=\"f0FptgNLwUvSQr\" class=\"wrapper clearfix col-lg-12 pb-feature pb-layout-item pb-f-article-header col-md-12 col-sm-12 col-xs-12 no-align\">\n<div class=\"row\">\n<header class=\"article-header hed-first col-sm-12\">\n<h6 style=\"text-align: center;\">La mujer asegur\u00f3 que cuando hizo la denuncia la polic\u00eda desestim\u00f3 el caso. Afirm\u00f3 que vive con miedo por las amenazas que recibe de los vecinos tras el brutal crimen.<\/h6>\n<\/header>\n<\/div>\n<\/div>\n<div id=\"c5xLvg2LwUvSQr\" class=\"col-md-8 col-sm-12 col-xs-12 pb-layout-item pb-chain pb-c-list-chain left-align\">\n<div id=\"f0nQkY1LwUvSQr\" class=\"wrapper clearfix full pb-feature pb-layout-item pb-f-article-body no-align\">\n<div id=\"article-body\" class=\"article-body article-body-elements\">\n<div id=\"article-content\">\n<div class=\"row pb-content-type-image\">\n<figure class=\"element element-image col-xs-12\">\n<div class=\"single-image\">\n<div class=\"shares\">\n<div class=\"share-button facebook\" data-url=\"https:\/\/www.infobae.com\/sociedad\/policiales\/2020\/02\/24\/la-revelacion-de-la-hermana-de-uno-de-los-detenidos-en-puerto-deseado-quiso-matar-a-mi-hijo-en-la-misma-cueva-hace-un-mes\/%23LVHUT53BGBAAZM3CXD6X3YYMU4\" data-original=\"https:\/\/arc-anglerfish-arc2-prod-infobae.s3.amazonaws.com\/public\/LVHUT53BGBAAZM3CXD6X3YYMU4.jpg\"><\/div>\n<\/div>\n<p><img decoding=\"async\" id=\"LVHUT53BGBAAZM3CXD6X3YYMU4\" class=\"image-lazy\" src=\"https:\/\/www.infobae.com\/new-resizer\/ueLZrUgjixqJdYrkcJQ8nvbVLRc=\/750x0\/filters:quality(100)\/arc-anglerfish-arc2-prod-infobae.s3.amazonaws.com\/public\/LVHUT53BGBAAZM3CXD6X3YYMU4.jpg\" alt=\"Omar Alvarado, detenido por el crimen de Puerto Deseado\" width=\"750\" height=\"541.40625\" data-url=\"https:\/\/www.infobae.com\/sociedad\/policiales\/2020\/02\/24\/la-revelacion-de-la-hermana-de-uno-de-los-detenidos-en-puerto-deseado-quiso-matar-a-mi-hijo-en-la-misma-cueva-hace-un-mes\/%23LVHUT53BGBAAZM3CXD6X3YYMU4\" data-original=\"https:\/\/www.infobae.com\/new-resizer\/ueLZrUgjixqJdYrkcJQ8nvbVLRc=\/750x0\/filters:quality(100)\/arc-anglerfish-arc2-prod-infobae.s3.amazonaws.com\/public\/LVHUT53BGBAAZM3CXD6X3YYMU4.jpg\" \/><\/div><figcaption class=\"\"><span class=\"credit\">Omar Alvarado, detenido por el crimen de Puerto Deseado<\/span><\/figcaption><\/figure>\n<\/div>\n<div class=\"row pb-content-type-text\">\n<div class=\"col-xs-12 col-print-12\">\n<p class=\"element element-paragraph\">La hermana de uno de los detenidos acusados de matar a un ni\u00f1o y de violar a su madre en una playa de la localidad santacruce\u00f1a de Puerto Deseado, asegur\u00f3 este lunes que su hermano, Omar Alvarado, intent\u00f3 asesinar a su hijo en enero \u00faltimo en la misma cueva donde abus\u00f3 de la mujer el pasado jueves.<\/p>\n<\/div>\n<\/div>\n<div class=\"row pb-content-type-text\">\n<div class=\"col-xs-12 col-print-12\">\n<p class=\"element element-paragraph\"><mark class=\"hl_yellow\"><b>\u201cMi hermano (Omar Alvarado) quiso matar a mi hijo en la misma cueva hace aproximadamente un mes y medio\u201d<\/b><\/mark>, afirm\u00f3 Rosal\u00eda en di\u00e1logo con la radio\u00a0<i>FM Desire 101.7.<\/i><\/p>\n<\/div>\n<\/div>\n<div class=\"row pb-content-type-text\">\n<div class=\"col-xs-12 col-print-12\">\n<p class=\"element element-paragraph\">La mujer dijo que su hermano\u00a0<b>intent\u00f3 matar a su hijo de 21 a\u00f1os a golpes en la cabeza provocados con una piedra, de la misma manera que fue asesinado el ni\u00f1o de 4 a\u00f1os el jueves \u00faltimo.<\/b><\/p>\n<\/div>\n<\/div>\n<div class=\"row pb-content-type-text\">\n<div class=\"col-xs-12 col-print-12\">\n<p class=\"element element-paragraph\">Seg\u00fan las fuentes de la investigaci\u00f3n, Omar Alvarado (24) estuvo demorado por ese hecho algunas horas por orden del juez de Puerto Deseado Oldemar Villa, acusado del delito de &#8220;homicidio en grado de tentativa&#8221;, aunque luego fue liberado.<\/p>\n<\/div>\n<\/div>\n<div class=\"row pb-content-type-image\">\n<div id=\"\" class=\"wrapper clearfix pb-feature pb-layout-item pb-f-ads-dfp left-align\"><\/div>\n<figure class=\"element element-image col-xs-12\">\n<div class=\"single-image\">\n<div class=\"shares\">\n<div class=\"share-button facebook\" data-url=\"https:\/\/www.infobae.com\/sociedad\/policiales\/2020\/02\/24\/la-revelacion-de-la-hermana-de-uno-de-los-detenidos-en-puerto-deseado-quiso-matar-a-mi-hijo-en-la-misma-cueva-hace-un-mes\/%23CPFUDPN7VNBD5AJCDZY7A6772A\" data-original=\"https:\/\/arc-anglerfish-arc2-prod-infobae.s3.amazonaws.com\/public\/CPFUDPN7VNBD5AJCDZY7A6772A.jpg\"><\/div>\n<\/div>\n<p><img decoding=\"async\" id=\"CPFUDPN7VNBD5AJCDZY7A6772A\" class=\"image-lazy\" src=\"https:\/\/www.infobae.com\/new-resizer\/SXQULJfGFDI_bws1xSQ9fF4bokc=\/750x0\/filters:quality(100)\/arc-anglerfish-arc2-prod-infobae.s3.amazonaws.com\/public\/CPFUDPN7VNBD5AJCDZY7A6772A.jpg\" alt=\"Cientos de vecinos de Puerto Deseado se movilizaron para pedir justicia y m\u00e1s seguridad (DANA MORENO Y NATALI VERA\/ LA OPINI\u00d3N AUSTRAL)\" width=\"750\" height=\"421.875\" data-url=\"https:\/\/www.infobae.com\/sociedad\/policiales\/2020\/02\/24\/la-revelacion-de-la-hermana-de-uno-de-los-detenidos-en-puerto-deseado-quiso-matar-a-mi-hijo-en-la-misma-cueva-hace-un-mes\/%23CPFUDPN7VNBD5AJCDZY7A6772A\" data-original=\"https:\/\/www.infobae.com\/new-resizer\/SXQULJfGFDI_bws1xSQ9fF4bokc=\/750x0\/filters:quality(100)\/arc-anglerfish-arc2-prod-infobae.s3.amazonaws.com\/public\/CPFUDPN7VNBD5AJCDZY7A6772A.jpg\" \/><\/div><figcaption class=\"\"><span class=\"credit\">Cientos de vecinos de Puerto Deseado se movilizaron para pedir justicia y m\u00e1s seguridad (DANA MORENO Y NATALI VERA\/ LA OPINI\u00d3N AUSTRAL)<\/span><\/figcaption><\/figure>\n<\/div>\n<div class=\"row pb-content-type-text\">\n<div class=\"col-xs-12 col-print-12\">\n<p class=\"element element-paragraph\">Rosal\u00eda asegur\u00f3 que fue ella misma quien volvi\u00f3 a denunciar a su hermano cuando se enter\u00f3 de que una mujer hab\u00eda sido violada y su hijo de 4 a\u00f1os asesinado.<\/p>\n<\/div>\n<\/div>\n<div class=\"row pb-content-type-text\">\n<div class=\"col-xs-12 col-print-12\">\n<p class=\"element element-paragraph\"><mark class=\"hl_yellow\"><b>\u201cCuando fui a hacer la denuncia -de la agresi\u00f3n a su hijo- y a pedir ayuda no me hicieron caso y me dieron la espalda\u201d, resalt\u00f3.<\/b><\/mark><\/p>\n<\/div>\n<\/div>\n<div class=\"row pb-content-type-text\">\n<div class=\"col-xs-12 col-print-12\">\n<p class=\"element element-paragraph\">La mujer se\u00f1al\u00f3 que se encontraba de viaje cuando se enter\u00f3 de lo sucedido en Puerto Deseado y que identific\u00f3 a su hermano luego de ver el identikit confeccionado por testigos del hecho.<\/p>\n<\/div>\n<\/div>\n<div class=\"row pb-content-type-text\">\n<div class=\"col-xs-12 col-print-12\">\n<p class=\"element element-paragraph\">En su relato, Rosal\u00eda expres\u00f3 que el s\u00e1bado, cuando regres\u00f3 a su hogar, le pregunt\u00f3 a su cu\u00f1ada d\u00f3nde estaban sus perros y ella le contest\u00f3 que se los hab\u00eda llevado Omar, su hermano. Al regresar uno de los perros, la mujer observ\u00f3 que el animal estaba ensangrentado.<\/p>\n<\/div>\n<\/div>\n<div class=\"row pb-content-type-text\">\n<div class=\"col-xs-12 col-print-12\">\n<p class=\"element element-paragraph\">\u201cMi coraz\u00f3n dijo que era \u00e9l\u201d, indic\u00f3 la mujer en relaci\u00f3n al autor del crimen del ni\u00f1o y la violaci\u00f3n de su madre.<\/p>\n<\/div>\n<\/div>\n<div class=\"row pb-content-type-text\">\n<div class=\"col-xs-12 col-print-12\">\n<p class=\"element element-paragraph\"><mark class=\"hl_yellow\"><b>\u201cNunca pens\u00e9 en encubrirlo. Hice lo que ten\u00eda que hacer\u201d, dijo la mujer, tras lo cual agreg\u00f3: \u201cGracias a mi esto no qued\u00f3 impune porque -el ni\u00f1o asesinado- podr\u00eda haber sido mi nieto\u201d.<\/b><\/mark><\/p>\n<\/div>\n<\/div>\n<div class=\"row pb-content-type-image\">\n<figure class=\"element element-image col-xs-12\">\n<div class=\"single-image\">\n<div class=\"shares\">\n<div class=\"share-button facebook\" data-url=\"https:\/\/www.infobae.com\/sociedad\/policiales\/2020\/02\/24\/la-revelacion-de-la-hermana-de-uno-de-los-detenidos-en-puerto-deseado-quiso-matar-a-mi-hijo-en-la-misma-cueva-hace-un-mes\/%23JLPHXITVVNBJFOSPX73U2EM7ZA\" data-original=\"https:\/\/arc-anglerfish-arc2-prod-infobae.s3.amazonaws.com\/public\/JLPHXITVVNBJFOSPX73U2EM7ZA.jpeg\"><\/div>\n<\/div>\n<p><img decoding=\"async\" id=\"JLPHXITVVNBJFOSPX73U2EM7ZA\" class=\"image-lazy\" src=\"https:\/\/www.infobae.com\/new-resizer\/_jeK4n3lPVj9VRUmYxRlQDP-AlI=\/750x0\/filters:quality(100)\/arc-anglerfish-arc2-prod-infobae.s3.amazonaws.com\/public\/JLPHXITVVNBJFOSPX73U2EM7ZA.jpeg\" alt=\"La mujer abusada y su hijo asesinado\" width=\"750\" height=\"421.875\" data-url=\"https:\/\/www.infobae.com\/sociedad\/policiales\/2020\/02\/24\/la-revelacion-de-la-hermana-de-uno-de-los-detenidos-en-puerto-deseado-quiso-matar-a-mi-hijo-en-la-misma-cueva-hace-un-mes\/%23JLPHXITVVNBJFOSPX73U2EM7ZA\" data-original=\"https:\/\/www.infobae.com\/new-resizer\/_jeK4n3lPVj9VRUmYxRlQDP-AlI=\/750x0\/filters:quality(100)\/arc-anglerfish-arc2-prod-infobae.s3.amazonaws.com\/public\/JLPHXITVVNBJFOSPX73U2EM7ZA.jpeg\" \/><\/div><figcaption class=\"\"><span class=\"credit\">La mujer abusada y su hijo asesinado<\/span><\/figcaption><\/figure>\n<\/div>\n<div class=\"row pb-content-type-text\">\n<div class=\"col-xs-12 col-print-12\">\n<p class=\"element element-paragraph\">La hermana de Omar asegur\u00f3 que \u201csi se quedaba callada\u201d este caso iba a quedar impune \u201ccomo todos los casos que pasaron en Puerto Deseado\u201d.<\/p>\n<\/div>\n<\/div>\n<div class=\"row pb-content-type-text\">\n<div class=\"col-xs-12 col-print-12\">\n<p class=\"element element-paragraph\">Por \u00faltimo, revel\u00f3 que vive con miedo ante distintas amenazas que recibi\u00f3 por parte de vecinos que dicen que quieren lincharla y por los pedidos para que abandone la ciudad.<\/p>\n<\/div>\n<\/div>\n<div class=\"row pb-content-type-text\">\n<div class=\"col-xs-12 col-print-12\">\n<p class=\"element element-paragraph\">Hoy al mediod\u00eda, la v\u00edctima que fue brutalmente abusada mientras paseaba con su hijo<b>identific\u00f3 positivamente en una rueda de reconocimiento al menor de 16 a\u00f1os aprehendido por el caso<\/b>, seg\u00fan confirmaron fuentes cercanas al expediente a Infobae. El procedimiento se llev\u00f3 a cabo en el Juzgado de Puerto Deseado que entiende en el expediente, a cargo del doctor Oldemar Villa. Horacio Quinteros es el fiscal del caso.<\/p>\n<\/div>\n<\/div>\n<div class=\"row pb-content-type-text\">\n<div class=\"col-xs-12 col-print-12\">\n<p class=\"element element-paragraph\">El menor fue arrestado la semana pasada en Caleta Olivia y fue implicado en el hecho junto a Oscar Omar Alvarado, el hombre de 33 a\u00f1os oriundo de Puerto Deseado que confes\u00f3 el crimen y que tiene fuertes antecedentes. Por el momento, se desconoce su participaci\u00f3n exacta en el crimen: todav\u00eda no fue formalmente imputado.<\/p>\n<\/div>\n<\/div>\n<\/div>\n<\/div>\n<\/div>\n<\/div>\n","protected":false},"excerpt":{"rendered":"<p>La mujer asegur\u00f3 que cuando hizo la denuncia la polic\u00eda desestim\u00f3 el caso. Afirm\u00f3 que vive con miedo por las amenazas que recibe de los vecinos tras el brutal crimen. Omar Alvarado, detenido por el crimen de Puerto Deseado La hermana de uno de los detenidos acusados de matar a un ni\u00f1o y de violar [&hellip;]<\/p>\n","protected":false},"author":1,"featured_media":36557,"comment_status":"closed","ping_status":"closed","sticky":false,"template":"","format":"standard","meta":{"footnotes":""},"categories":[8],"tags":[136],"class_list":["post-36556","post","type-post","status-publish","format-standard","has-post-thumbnail","hentry","category-policiales","tag-destacados"],"_links":{"self":[{"href":"http:\/\/informateesquina.com\/index.php?rest_route=\/wp\/v2\/posts\/36556","targetHints":{"allow":["GET"]}}],"collection":[{"href":"http:\/\/informateesquina.com\/index.php?rest_route=\/wp\/v2\/posts"}],"about":[{"href":"http:\/\/informateesquina.com\/index.php?rest_route=\/wp\/v2\/types\/post"}],"author":[{"embeddable":true,"href":"http:\/\/informateesquina.com\/index.php?rest_route=\/wp\/v2\/users\/1"}],"replies":[{"embeddable":true,"href":"http:\/\/informateesquina.com\/index.php?rest_route=%2Fwp%2Fv2%2Fcomments&post=36556"}],"version-history":[{"count":0,"href":"http:\/\/informateesquina.com\/index.php?rest_route=\/wp\/v2\/posts\/36556\/revisions"}],"wp:featuredmedia":[{"embeddable":true,"href":"http:\/\/informateesquina.com\/index.php?rest_route=\/"}],"wp:attachment":[{"href":"http:\/\/informateesquina.com\/index.php?rest_route=%2Fwp%2Fv2%2Fmedia&parent=36556"}],"wp:term":[{"taxonomy":"category","embeddable":true,"href":"http:\/\/informateesquina.com\/index.php?rest_route=%2Fwp%2Fv2%2Fcategories&post=36556"},{"taxonomy":"post_tag","embeddable":true,"href":"http:\/\/informateesquina.com\/index.php?rest_route=%2Fwp%2Fv2%2Ftags&post=36556"}],"curies":[{"name":"wp","href":"https:\/\/api.w.org\/{rel}","templated":true}]}}