{"id":36563,"date":"2020-02-24T19:03:22","date_gmt":"2020-02-24T22:03:22","guid":{"rendered":"https:\/\/informateesquina.com\/?p=36563"},"modified":"2020-02-24T19:03:22","modified_gmt":"2020-02-24T22:03:22","slug":"puerto-deseado-la-mujer-abusada-identifico-al-menor-detenido-por-el-crimen-en-una-rueda-de-reconocimiento","status":"publish","type":"post","link":"http:\/\/informateesquina.com\/?p=36563","title":{"rendered":"Puerto Deseado: la mujer abusada identific\u00f3 al menor detenido por el crimen en una rueda de reconocimiento"},"content":{"rendered":"<div id=\"f0FptgNLwUvSQr\" class=\"wrapper clearfix col-lg-12 pb-feature pb-layout-item pb-f-article-header col-md-12 col-sm-12 col-xs-12 no-align\">\n<div class=\"row\">\n<header class=\"article-header hed-first col-sm-12\">\n<h1>El procedimiento ocurri\u00f3 este mediod\u00eda en el juzgado a cargo del caso. El joven de 16 a\u00f1os ser\u00e1 trasladado a un centro de detenci\u00f3n juvenil<\/h1>\n<\/header>\n<\/div>\n<\/div>\n<div id=\"f04vMUbLwUvSQr\" class=\"wrapper clearfix col-lg-12 col-md-12 pb-feature pb-layout-item pb-f-article-byline col-sm-12 col-xs-12 no-align\">\n<div class=\"byline col-xs-12 col-print-12\">\n<div class=\"byline-author\"><\/div>\n<\/div>\n<\/div>\n<div id=\"c5xLvg2LwUvSQr\" class=\"col-md-8 col-sm-12 col-xs-12 pb-layout-item pb-chain pb-c-list-chain left-align\">\n<div id=\"f0nQkY1LwUvSQr\" class=\"wrapper clearfix full pb-feature pb-layout-item pb-f-article-body no-align\">\n<div id=\"article-body\" class=\"article-body article-body-elements\">\n<div id=\"article-content\">\n<div class=\"row pb-content-type-image\">\n<figure class=\"element element-image col-xs-12\">\n<div class=\"single-image\">\n<div class=\"shares\">\n<div class=\"share-button facebook\" data-url=\"https:\/\/www.infobae.com\/sociedad\/policiales\/2020\/02\/24\/puerto-deseado-la-mujer-abusada-reconocio-al-menor-detenido-por-el-crimen-en-una-rueda-de-reconocimiento\/%23A526XSDWVBFS3MUJVJRK5FGWSI\" data-original=\"https:\/\/arc-anglerfish-arc2-prod-infobae.s3.amazonaws.com\/public\/A526XSDWVBFS3MUJVJRK5FGWSI.jpg\"><\/div>\n<\/div>\n<p><img decoding=\"async\" id=\"A526XSDWVBFS3MUJVJRK5FGWSI\" class=\"image-lazy\" src=\"https:\/\/www.infobae.com\/new-resizer\/RMEqmO2xaoPSgq0x13pWcaHi_w8=\/750x0\/filters:quality(100)\/arc-anglerfish-arc2-prod-infobae.s3.amazonaws.com\/public\/A526XSDWVBFS3MUJVJRK5FGWSI.jpg\" alt=\"Cueva de Leones, la zona de Punta Cavendich donde fue abusada la turista salte\u00f1a y asesinado su hijo. \" width=\"750\" height=\"421.875\" data-url=\"https:\/\/www.infobae.com\/sociedad\/policiales\/2020\/02\/24\/puerto-deseado-la-mujer-abusada-reconocio-al-menor-detenido-por-el-crimen-en-una-rueda-de-reconocimiento\/%23A526XSDWVBFS3MUJVJRK5FGWSI\" data-original=\"https:\/\/www.infobae.com\/new-resizer\/RMEqmO2xaoPSgq0x13pWcaHi_w8=\/750x0\/filters:quality(100)\/arc-anglerfish-arc2-prod-infobae.s3.amazonaws.com\/public\/A526XSDWVBFS3MUJVJRK5FGWSI.jpg\" \/><\/div><figcaption class=\"\"><span class=\"credit\">Cueva de Leones, la zona de Punta Cavendich donde fue abusada la turista salte\u00f1a y asesinado su hijo.<\/span><\/figcaption><\/figure>\n<\/div>\n<div class=\"row pb-content-type-text\">\n<div class=\"col-xs-12 col-print-12\">\n<p class=\"element element-paragraph\">Poco despu\u00e9s del mediod\u00eda de hoy,\u00a0<b>M.M, la mujer salte\u00f1a de 44 a\u00f1os que fue brutalmente abusada el jueves pasado<\/b>\u00a0en la zona de Punta Cavendich en Puerto Deseado, provincia de Santa Cruz, mientras paseaba junto a su hijo de cuatro a\u00f1os que fue muerto a golpes en el cr\u00e1neo,<b>\u00a0identific\u00f3 positivamente en una rueda de reconocimiento al menor de 16 a\u00f1os aprehendido por el caso<\/b>, seg\u00fan confirmaron fuentes cercanas al expediente a\u00a0<b>Infobae.\u00a0<\/b>El procedimiento se llev\u00f3 a cabo en el\u00a0<b>Juzgado de Puerto Deseado que entiende en el expediente, a cargo del doctor Oldemar Villa.<\/b>\u00a0Horacio Quinteros es el fiscal del caso.<\/p>\n<\/div>\n<\/div>\n<div class=\"row pb-content-type-text\">\n<div class=\"col-xs-12 col-print-12\">\n<p class=\"element element-paragraph\">El menor fue\u00a0<b>arrestado la semana pasada en Caleta Olivia\u00a0<\/b>y fue<b>\u00a0implicado en el hecho junto a Oscar Omar Alvarado<\/b>, el hombre de 33 a\u00f1os oriundo de Puerto Deseado que confes\u00f3 el crimen y que tiene fuertes antecedentes. Por el momento, se desconoce su participaci\u00f3n exacta en el crimen:\u00a0<b>todav\u00eda no fue formalmente imputado. El ministro de Seguridad provincial Lisandro de la Torre asegur\u00f3 a\u00a0<\/b><i><b>T\u00e9lam<\/b><\/i><b>\u00a0que el caso \u201cest\u00e1 resuelto a nivel policial\u201d y que la v\u00edctima se encuentra \u201cen buen estado\u201d.<\/b><\/p>\n<\/div>\n<\/div>\n<div class=\"row pb-content-type-text\">\n<div class=\"col-xs-12 col-print-12\">\n<p class=\"element element-paragraph\"><mark class=\"hl_yellow\"><b>El menor se\u00f1alado, mientras tanto, ser\u00e1 trasladado esta misma tarde a R\u00edo Gallegos, donde quedar\u00e1 alojado en el Dispositivo para Adolescentes Infractores, a disposici\u00f3n del \u00e1rea de Minoridad.<\/b><\/mark><\/p>\n<\/div>\n<\/div>\n<div class=\"row pb-content-type-text\">\n<div class=\"col-xs-12 col-print-12\">\n<p class=\"element element-paragraph\">Esta ma\u00f1ana,\u00a0<b>un rastrillaje de la Polic\u00eda de Santa Cruz en la zona del ataque revel\u00f3 un importante hallazgo: el celular de M.M<\/b>, robado y luego descartado por sus agresores.<b>\u00a0El menor fue quien se\u00f1al\u00f3 donde estaba el tel\u00e9fono, al testificar ante la Justicia en presencia de su defensor.<\/b><\/p>\n<\/div>\n<\/div>\n<div class=\"row pb-content-type-image\">\n<div id=\"\" class=\"wrapper clearfix pb-feature pb-layout-item pb-f-ads-dfp left-align\"><\/div>\n<figure class=\"element element-image col-xs-12\">\n<div class=\"single-image\">\n<div class=\"shares\">\n<div class=\"share-button facebook\" data-url=\"https:\/\/www.infobae.com\/sociedad\/policiales\/2020\/02\/24\/puerto-deseado-la-mujer-abusada-reconocio-al-menor-detenido-por-el-crimen-en-una-rueda-de-reconocimiento\/%2324X3IS7D7JEZDIURF5EEUJEC6Q\" data-original=\"https:\/\/arc-anglerfish-arc2-prod-infobae.s3.amazonaws.com\/public\/24X3IS7D7JEZDIURF5EEUJEC6Q.jpg\"><\/div>\n<\/div>\n<p><img decoding=\"async\" id=\"24X3IS7D7JEZDIURF5EEUJEC6Q\" class=\"image-lazy\" src=\"https:\/\/www.infobae.com\/new-resizer\/isIqDhvknKh8tfx4TxrhHsAXhP4=\/750x0\/filters:quality(100)\/arc-anglerfish-arc2-prod-infobae.s3.amazonaws.com\/public\/24X3IS7D7JEZDIURF5EEUJEC6Q.jpg\" alt=\"Indignaci\u00f3n: una de las marchas en Puerto Deseado para reclamar justicia por el crimen. (DANA MORENO Y NATALI VERA\/ LA OPINI\u00d3N AUSTRAL)\" width=\"750\" height=\"421.875\" data-url=\"https:\/\/www.infobae.com\/sociedad\/policiales\/2020\/02\/24\/puerto-deseado-la-mujer-abusada-reconocio-al-menor-detenido-por-el-crimen-en-una-rueda-de-reconocimiento\/%2324X3IS7D7JEZDIURF5EEUJEC6Q\" data-original=\"https:\/\/www.infobae.com\/new-resizer\/isIqDhvknKh8tfx4TxrhHsAXhP4=\/750x0\/filters:quality(100)\/arc-anglerfish-arc2-prod-infobae.s3.amazonaws.com\/public\/24X3IS7D7JEZDIURF5EEUJEC6Q.jpg\" \/><\/div><figcaption class=\"\"><span class=\"credit\">Indignaci\u00f3n: una de las marchas en Puerto Deseado para reclamar justicia por el crimen. (DANA MORENO Y NATALI VERA\/ LA OPINI\u00d3N AUSTRAL)<\/span><\/figcaption><\/figure>\n<\/div>\n<div class=\"row pb-content-type-text\">\n<div class=\"col-xs-12 col-print-12\">\n<p class=\"element element-paragraph\">En su declaraci\u00f3n -que no tuvo el tenor de una indagatoria-\u00a0<b>se\u00f1al\u00f3 tambi\u00e9n el lugar donde habr\u00eda descartado un buzo que \u00e9l ten\u00eda puesto al momento del ataque a la mujer y su peque\u00f1o hijo, que no fue encontrado en el rastrillaje de hoy.<\/b><\/p>\n<\/div>\n<\/div>\n<div class=\"row pb-content-type-text\">\n<div class=\"col-xs-12 col-print-12\">\n<p class=\"element element-paragraph\">En su relato,\u00a0<b>el joven se habr\u00eda deslindado del abuso y el asesinato con el argumento de que si bien estuvo en el lugar no particip\u00f3 del brutal ataque.<\/b>\u00a0Sin embargo, se\u00f1alan, de comprobarse su presencia en la agresi\u00f3n -por lo menos, c\u00f3mo indic\u00f3 la v\u00edctima, sosteniendo al menor mientras ella era abusada-\u00a0<b>eso ya lo convertir\u00eda en un part\u00edcipe necesario del crimen<\/b>, seg\u00fan indicaron fuentes de la investigaci\u00f3n a\u00a0<b>Infobae<\/b>.<\/p>\n<\/div>\n<\/div>\n<div class=\"row pb-content-type-text\">\n<div class=\"col-xs-12 col-print-12\">\n<p class=\"element element-paragraph\">Alvarado<b>\u00a0fue tambi\u00e9n identificado por su v\u00edctima en una rueda de reconocimiento la semana pasada.<\/b>\u00a0De 33 a\u00f1os, oriundo de Puerto Deseado, en pareja con una mujer de su misma edad y padre de una hija de acuerdo a registros previsionales, fue acusado de intentar matar a su propio sobrino. Por el ataque a M.M est\u00e1 acusado en principio de los delitos de<b>\u201crapto, abuso sexual con acceso carnal, tentativa de femicidio (en el caso de la mujer) y homicidio (en el caso del ni\u00f1o de 4 a\u00f1os)\u201d.\u00a0<\/b>Fue trasladado a una comisar\u00eda de la ciudad de Caleta Olivia para evitar una posible reacci\u00f3n de los vecinos de la zona y<b>\u00a0podr\u00eda ser indagado por el juez Villa en los pr\u00f3ximos d\u00edas.<\/b><\/p>\n<\/div>\n<\/div>\n<div class=\"row pb-content-type-text\">\n<div class=\"col-xs-12 col-print-12\">\n<p class=\"element element-paragraph\"><mark class=\"hl_yellow\"><b>Rosa, hermana de Alvarado, madre del nene que agredi\u00f3, asegur\u00f3 a una radio local: \u201cQuiero que pague por lo que hizo\u201d.<\/b><\/mark><\/p>\n<\/div>\n<\/div>\n<\/div>\n<\/div>\n<\/div>\n<\/div>\n","protected":false},"excerpt":{"rendered":"<p>El procedimiento ocurri\u00f3 este mediod\u00eda en el juzgado a cargo del caso. El joven de 16 a\u00f1os ser\u00e1 trasladado a un centro de detenci\u00f3n juvenil Cueva de Leones, la zona de Punta Cavendich donde fue abusada la turista salte\u00f1a y asesinado su hijo. Poco despu\u00e9s del mediod\u00eda de hoy,\u00a0M.M, la mujer salte\u00f1a de 44 a\u00f1os [&hellip;]<\/p>\n","protected":false},"author":1,"featured_media":36564,"comment_status":"closed","ping_status":"closed","sticky":false,"template":"","format":"standard","meta":{"footnotes":""},"categories":[10,11],"tags":[136],"class_list":["post-36563","post","type-post","status-publish","format-standard","has-post-thumbnail","hentry","category-provinciales","category-sociedad","tag-destacados"],"_links":{"self":[{"href":"http:\/\/informateesquina.com\/index.php?rest_route=\/wp\/v2\/posts\/36563","targetHints":{"allow":["GET"]}}],"collection":[{"href":"http:\/\/informateesquina.com\/index.php?rest_route=\/wp\/v2\/posts"}],"about":[{"href":"http:\/\/informateesquina.com\/index.php?rest_route=\/wp\/v2\/types\/post"}],"author":[{"embeddable":true,"href":"http:\/\/informateesquina.com\/index.php?rest_route=\/wp\/v2\/users\/1"}],"replies":[{"embeddable":true,"href":"http:\/\/informateesquina.com\/index.php?rest_route=%2Fwp%2Fv2%2Fcomments&post=36563"}],"version-history":[{"count":0,"href":"http:\/\/informateesquina.com\/index.php?rest_route=\/wp\/v2\/posts\/36563\/revisions"}],"wp:featuredmedia":[{"embeddable":true,"href":"http:\/\/informateesquina.com\/index.php?rest_route=\/"}],"wp:attachment":[{"href":"http:\/\/informateesquina.com\/index.php?rest_route=%2Fwp%2Fv2%2Fmedia&parent=36563"}],"wp:term":[{"taxonomy":"category","embeddable":true,"href":"http:\/\/informateesquina.com\/index.php?rest_route=%2Fwp%2Fv2%2Fcategories&post=36563"},{"taxonomy":"post_tag","embeddable":true,"href":"http:\/\/informateesquina.com\/index.php?rest_route=%2Fwp%2Fv2%2Ftags&post=36563"}],"curies":[{"name":"wp","href":"https:\/\/api.w.org\/{rel}","templated":true}]}}