{"id":36583,"date":"2020-02-24T20:51:41","date_gmt":"2020-02-24T23:51:41","guid":{"rendered":"https:\/\/informateesquina.com\/?p=36583"},"modified":"2020-02-24T20:51:41","modified_gmt":"2020-02-24T23:51:41","slug":"descontrolada-una-tutora-ataco-a-una-directora-escolar","status":"publish","type":"post","link":"http:\/\/informateesquina.com\/?p=36583","title":{"rendered":"Descontrolada, una tutora atac\u00f3 a una directora escolar"},"content":{"rendered":"<p><span style=\"color: #111111; font-family: 'Mukta Vaani', sans-serif; font-size: 32px; font-weight: bold;\">Le negaron la inscripci\u00f3n a su hijo, de 8 a\u00f1os, en el nivel primario<\/span><\/p>\n<article class=\"floatFix\">\n<section class=\"container\">\n<section class=\"body\">\n<div id=\"156212-swiper\" class=\"swiper m_gallery_embed swiper-container-horizontal\">\n<div class=\"swiper-wrapper\">\n<div class=\"swiper-slide m_image swiper-slide-duplicate swiper-slide-prev swiper-slide-duplicate-next\" data-swiper-slide-index=\"1\">\n<figure><img decoding=\"async\" src=\"https:\/\/www.nortecorrientes.com\/content\/bucket\/7\/324727w980h600.jpg\" alt=\"COR230220-017F01.JPG\" \/><figcaption><\/figcaption><\/figure>\n<\/div>\n<div class=\"swiper-slide m_image swiper-slide-active\" data-swiper-slide-index=\"0\"><\/div>\n<div class=\"swiper-slide m_image swiper-slide-duplicate swiper-slide-duplicate-active\" data-swiper-slide-index=\"0\"><\/div>\n<\/div>\n<\/div>\n<p>Una mujer, cuya identidad no trascendi\u00f3, increp\u00f3 y luego atac\u00f3 f\u00edsicamente a la directora de una escuela de la ciudad de Curuz\u00fa Cuati\u00e1 en medio de un acalorado contrapunto que termin\u00f3 de la peor manera. El caso tiene antecedentes. El hecho es que le negaron la inscripci\u00f3n al chico de 8 a\u00f1os, ex alumno del establecimiento, y entonces la madre se descarg\u00f3 con la m\u00e1xima autoridad de la instituci\u00f3n. Dicen que la tom\u00f3 de los pelos y le dispar\u00f3 un par de cachetadas. En tanto una docente, testigo del ins\u00f3lito episodio, se descompens\u00f3 y tuvo que ser hospitalizada.<\/p>\n<p>El hecho se registr\u00f3 el pasado jueves en horas de la ma\u00f1ana en la sala de Direcci\u00f3n de la Escuela 321 Hugo Oscar Rosende, que funciona en el barrio Villa del Parque. La directora del establecimiento, Mercedes Vega, fue increpada por la madre de un ex alumno de la instituci\u00f3n que exig\u00eda la inscripci\u00f3n de su hijo, luego de que a fin del a\u00f1o pasado lo retirara de la instituci\u00f3n aduciendo que lo \u201cdiscriminaban\u201d. Seg\u00fan explic\u00f3 a un medio local la docente, el ahora ex alumno (de 8 a\u00f1os) tuvo problemas de conducta que \u201chac\u00edan dif\u00edcil la convivencia en el aula entre alumnos y docentes, por lo que se le llam\u00f3 a la madre en reiteradas oportunidades, pero no se presentaba\u201d.<\/p>\n<p>Es as\u00ed que a fin de a\u00f1o tuvo lugar un incidente grave con el menor, por lo que se oblig\u00f3 a la progenitora a hacerse presente y que firmara un acta. La madre se\u00f1al\u00f3 que los docentes \u201cle causaban molestias\u201d, por lo que decidi\u00f3 en ese momento pedir el pase de su hijo. En esa oportunidad Vega le explic\u00f3 que no se podr\u00eda realizar el pase, pero ante la insistencia de la tutora, accedi\u00f3.<\/p>\n<p>Iniciada la actividad administrativa escolar del corriente a\u00f1o, la madre busc\u00f3 inscribir al ni\u00f1o en otro establecimiento, sin lograrlo, raz\u00f3n por la cual en la ma\u00f1ana del jueves concurri\u00f3 a la Escuela Rosende a reclamar que lo vuelvan a inscribir. \u201cLe expliqu\u00e9 que a su hijo no pod\u00eda inscribirlo porque su lugar hab\u00eda sido ocupado por otro alumno\u201d, detall\u00f3 la directora. Y a\u00f1adi\u00f3: \u201cMe agarr\u00f3 del pelo y me peg\u00f3 una cachetada. Amenaz\u00e1ndome, se retir\u00f3. Se hizo la denuncia porque estos casos de violencia hay que denunciarlos. Todos exigen, pero cuando les pedimos el acompa\u00f1amiento a los padres, no tenemos respuestas. El a\u00f1o pasado ya me amenaz\u00f3 y me dijo que me iba denunciar porque lo discriminaba a su hijo\u201d.<\/p>\n<p>FUENTE: DIARIO NORTE<\/p>\n<\/section>\n<\/section>\n<\/article>\n<p>&nbsp;<\/p>\n<footer>\n<section class=\"container\">\n<div class=\"company-info\">\n<p>&nbsp;<\/p>\n<\/div>\n<\/section>\n<\/footer>\n","protected":false},"excerpt":{"rendered":"<p>Le negaron la inscripci\u00f3n a su hijo, de 8 a\u00f1os, en el nivel primario Una mujer, cuya identidad no trascendi\u00f3, increp\u00f3 y luego atac\u00f3 f\u00edsicamente a la directora de una escuela de la ciudad de Curuz\u00fa Cuati\u00e1 en medio de un acalorado contrapunto que termin\u00f3 de la peor manera. El caso tiene antecedentes. El hecho [&hellip;]<\/p>\n","protected":false},"author":1,"featured_media":36594,"comment_status":"closed","ping_status":"closed","sticky":false,"template":"","format":"standard","meta":{"footnotes":""},"categories":[11],"tags":[136],"class_list":["post-36583","post","type-post","status-publish","format-standard","has-post-thumbnail","hentry","category-sociedad","tag-destacados"],"_links":{"self":[{"href":"http:\/\/informateesquina.com\/index.php?rest_route=\/wp\/v2\/posts\/36583","targetHints":{"allow":["GET"]}}],"collection":[{"href":"http:\/\/informateesquina.com\/index.php?rest_route=\/wp\/v2\/posts"}],"about":[{"href":"http:\/\/informateesquina.com\/index.php?rest_route=\/wp\/v2\/types\/post"}],"author":[{"embeddable":true,"href":"http:\/\/informateesquina.com\/index.php?rest_route=\/wp\/v2\/users\/1"}],"replies":[{"embeddable":true,"href":"http:\/\/informateesquina.com\/index.php?rest_route=%2Fwp%2Fv2%2Fcomments&post=36583"}],"version-history":[{"count":0,"href":"http:\/\/informateesquina.com\/index.php?rest_route=\/wp\/v2\/posts\/36583\/revisions"}],"wp:featuredmedia":[{"embeddable":true,"href":"http:\/\/informateesquina.com\/index.php?rest_route=\/"}],"wp:attachment":[{"href":"http:\/\/informateesquina.com\/index.php?rest_route=%2Fwp%2Fv2%2Fmedia&parent=36583"}],"wp:term":[{"taxonomy":"category","embeddable":true,"href":"http:\/\/informateesquina.com\/index.php?rest_route=%2Fwp%2Fv2%2Fcategories&post=36583"},{"taxonomy":"post_tag","embeddable":true,"href":"http:\/\/informateesquina.com\/index.php?rest_route=%2Fwp%2Fv2%2Ftags&post=36583"}],"curies":[{"name":"wp","href":"https:\/\/api.w.org\/{rel}","templated":true}]}}