{"id":36597,"date":"2020-02-24T21:12:37","date_gmt":"2020-02-25T00:12:37","guid":{"rendered":"https:\/\/informateesquina.com\/?p=36597"},"modified":"2020-02-24T21:12:37","modified_gmt":"2020-02-25T00:12:37","slug":"esquina-dice-presente-en-el-corsodromo-nono-alias-de-la-capital-correntina","status":"publish","type":"post","link":"http:\/\/informateesquina.com\/?p=36597","title":{"rendered":"Esquina dice presente en el cors\u00f3dromo Nolo Alias de la Capital Correntina"},"content":{"rendered":"<p>El Subsecretario de Promoci\u00f3n e Inversiones Tur\u00edsticas, Klaus Liebig dialog\u00f3 con Comunic\u00e1ndonos Esquina desde el Cors\u00f3dromo de Corrientes Capital donde esta noche estar\u00e1n las comparsas de Esquina y de otras localidades del interior.<\/p>\n<p>\u201cEs un sue\u00f1o para todos nosotros. Esto es una movida del gobernador, como pol\u00edtica de Estado quiere que las comparsas del interior vengan a Corrientes. Son m\u00e1s de 27 colectivos que est\u00e1n viniendo, m\u00e1s de 2.000 comparseros eso es mucho y es muy bueno\u201d, dijo Liebig y subray\u00f3 que encontrarse en un s\u00f3lo punto les permitir\u00e1 intercambiar ideas y experiencias a los organizadores.<\/p>\n<p>Abrir\u00e1 Osiris, campeona del carnaval barrial en Corrientes Capital, a partir de las 21.30. Luego estar\u00e1 Sapucay y en el cierre la comparsa Ar\u00e1 Ber\u00e1, las dos comparsas m\u00e1s grandes de Capital. De Esquina estar\u00e1n Car\u00fa Cur\u00e1, Yas\u00ed Ber\u00e1, Esquina Samba Show, Yerok\u00ed Por\u00e1.<\/p>\n<p><strong>ENTRADAS:\u00a0<\/strong><\/p>\n<p>Se podr\u00e1n adquirir dos entradas al precio de una en los puntos de venta dispuestos en la Plaza Vera, (Corrientes Capital) de 9 a 13 y 17 a 21. En Plaza Cabral se pueden comprar las entradas de 8 a 12 y 16 a 20, tambi\u00e9n en la sucursal de la cadena Supermax de San Juan 902 y la de Farmalife de calle 9 de Julio 1202, ambos en horario comercial, adem\u00e1s de Fullticket.com.<\/p>\n<p><img loading=\"lazy\" decoding=\"async\" class=\"alignnone size-medium wp-image-36616\" src=\"https:\/\/informateesquina.com\/wp-content\/uploads\/2020\/02\/154727-300x300.jpg\" alt=\"\" width=\"300\" height=\"300\" \/><\/p>\n","protected":false},"excerpt":{"rendered":"<p>El Subsecretario de Promoci\u00f3n e Inversiones Tur\u00edsticas, Klaus Liebig dialog\u00f3 con Comunic\u00e1ndonos Esquina desde el Cors\u00f3dromo de Corrientes Capital donde esta noche estar\u00e1n las comparsas de Esquina y de otras localidades del interior. \u201cEs un sue\u00f1o para todos nosotros. Esto es una movida del gobernador, como pol\u00edtica de Estado quiere que las comparsas del interior [&hellip;]<\/p>\n","protected":false},"author":1,"featured_media":36616,"comment_status":"closed","ping_status":"closed","sticky":false,"template":"","format":"standard","meta":{"footnotes":""},"categories":[6,11],"tags":[136],"class_list":["post-36597","post","type-post","status-publish","format-standard","has-post-thumbnail","hentry","category-locales","category-sociedad","tag-destacados"],"_links":{"self":[{"href":"http:\/\/informateesquina.com\/index.php?rest_route=\/wp\/v2\/posts\/36597","targetHints":{"allow":["GET"]}}],"collection":[{"href":"http:\/\/informateesquina.com\/index.php?rest_route=\/wp\/v2\/posts"}],"about":[{"href":"http:\/\/informateesquina.com\/index.php?rest_route=\/wp\/v2\/types\/post"}],"author":[{"embeddable":true,"href":"http:\/\/informateesquina.com\/index.php?rest_route=\/wp\/v2\/users\/1"}],"replies":[{"embeddable":true,"href":"http:\/\/informateesquina.com\/index.php?rest_route=%2Fwp%2Fv2%2Fcomments&post=36597"}],"version-history":[{"count":0,"href":"http:\/\/informateesquina.com\/index.php?rest_route=\/wp\/v2\/posts\/36597\/revisions"}],"wp:featuredmedia":[{"embeddable":true,"href":"http:\/\/informateesquina.com\/index.php?rest_route=\/"}],"wp:attachment":[{"href":"http:\/\/informateesquina.com\/index.php?rest_route=%2Fwp%2Fv2%2Fmedia&parent=36597"}],"wp:term":[{"taxonomy":"category","embeddable":true,"href":"http:\/\/informateesquina.com\/index.php?rest_route=%2Fwp%2Fv2%2Fcategories&post=36597"},{"taxonomy":"post_tag","embeddable":true,"href":"http:\/\/informateesquina.com\/index.php?rest_route=%2Fwp%2Fv2%2Ftags&post=36597"}],"curies":[{"name":"wp","href":"https:\/\/api.w.org\/{rel}","templated":true}]}}