{"id":36623,"date":"2020-02-24T22:17:31","date_gmt":"2020-02-25T01:17:31","guid":{"rendered":"https:\/\/informateesquina.com\/?p=36623"},"modified":"2020-02-24T22:17:31","modified_gmt":"2020-02-25T01:17:31","slug":"con-un-record-historico-de-embarcaciones-finalizo-la-34o-fiesta-nacional-del-pacu","status":"publish","type":"post","link":"http:\/\/informateesquina.com\/?p=36623","title":{"rendered":"Con un r\u00e9cord hist\u00f3rico de embarcaciones, finaliz\u00f3 la 34\u00ba Fiesta Nacional del Pac\u00fa"},"content":{"rendered":"<p>Con un r\u00e9cord de 332 embarcaciones en el r\u00edo Corriente, la ciudad de Esquina vivi\u00f3 su 34\u00ba Fiesta Nacional del Pac\u00fa, el primer evento de pesca del a\u00f1o. En este marco, fueron pescadores locales los ganadores de la competici\u00f3n, tanto en la modalidad pieza mayor como en la pesca por equipos. Anoche cerr\u00f3 la fiesta con una gran cena-show en donde se entregaron los premios y sortearon importantes premios entre los pescadores, donde Los Alonsitos le dieron el marco final a la exitosa fiesta.<\/p>\n<p><img loading=\"lazy\" decoding=\"async\" class=\"alignnone size-medium wp-image-36624\" src=\"https:\/\/informateesquina.com\/wp-content\/uploads\/2020\/02\/IMG-20200224-WA0051-300x139.jpg\" alt=\"\" width=\"300\" height=\"139\" \/><\/p>\n<p>La difusi\u00f3n que brind\u00f3 por todo el pa\u00eds la comisi\u00f3n organizadora de la 34\u00ba Fiesta Nacional del Pac\u00fa fue de vital importancia para que m\u00e1s de 1000 pescadores se dieran cita a la ciudad para participar de la misma. Las 332 embarcaciones inscriptas se lanzaron en busca del \u201clech\u00f3n de r\u00edo\u201d minutos antes de las 8 de la ma\u00f1ana, bajo la atenta mirada de miles de esquinenses y turistas que se apostaron en la costanera local para disfrutar del espect\u00e1culo.<br \/>\nConocidos los datos de los fiscales, result\u00f3 ganador de la modalidad pieza mayor el esquinense Juan Carlos Casco, quien captur\u00f3 un pac\u00fa de 8,5 kilogramos. El pescador estuvo acompa\u00f1ado por Ferrando Augusto, Werner Juan Pablo y Cortez Jorge, perteneciente al equipo N\u00ba 252.<\/p>\n<p><img loading=\"lazy\" decoding=\"async\" class=\"alignnone size-medium wp-image-36626\" src=\"https:\/\/informateesquina.com\/wp-content\/uploads\/2020\/02\/IMG-20200224-WA0053-300x139.jpg\" alt=\"\" width=\"300\" height=\"139\" \/><br \/>\nEn la modalidad pesca por equipos, result\u00f3 vencedora el equipo n\u00famero 162 integrado por Juan Gonz\u00e1lez, Cristopher Gonz\u00e1lez, Jos\u00e9 Gonz\u00e1lez y Luciano Quintana de la ciudad de Esquina. Estos pescadores capturaron tres piezas de importante medida, y sumaron 44.720 puntos, haci\u00e9ndose acreedor de una embarcaci\u00f3n, mientras que el equipo mejor clasificado de damas fue el numero 117 integado por Marilin Tognola, Marcela Fernandez y Romina Genre Bert CON 3 piezas y 20.980 puntos<br \/>\nAnoche, se realiz\u00f3 la cena show de clausura, donde se entregaron los premios. Cabe se\u00f1alar, que el ganador de la pieza mayor se alz\u00f3 con un auto 0k y el trofeo Henry Matto, y tambi\u00e9n se realizaron importantes sorteo dentro de las cuales fue una embarcaci\u00f3n, donde result\u00f3 ganador el participante del equipo 182 Salvador Pintos, como broche de oro de la 34\u00ba fiesta Nacional del Pac\u00fa actuaron los Alonsitos, quienes hicieron disfrutar a todos los presentes por alrededor de una hora, y en el cierre como ya es tradicional se difundi\u00f3 el video de la organizaci\u00f3n agradeciendo a todos los pescadores presentes y anunciando la fecha del a\u00f1o que viene que ser\u00e1n los d\u00edas 12, 13 y 14 de febrero 2021.<br \/>\nFUENTE Y FOTOS: Prensa Pac\u00fa 2020<\/p>\n","protected":false},"excerpt":{"rendered":"<p>Con un r\u00e9cord de 332 embarcaciones en el r\u00edo Corriente, la ciudad de Esquina vivi\u00f3 su 34\u00ba Fiesta Nacional del Pac\u00fa, el primer evento de pesca del a\u00f1o. En este marco, fueron pescadores locales los ganadores de la competici\u00f3n, tanto en la modalidad pieza mayor como en la pesca por equipos. Anoche cerr\u00f3 la fiesta [&hellip;]<\/p>\n","protected":false},"author":1,"featured_media":36624,"comment_status":"closed","ping_status":"closed","sticky":false,"template":"","format":"gallery","meta":{"footnotes":""},"categories":[2,6],"tags":[136,192,193,196],"class_list":["post-36623","post","type-post","status-publish","format-gallery","has-post-thumbnail","hentry","category-culturales","category-locales","tag-destacados","tag-fiesta-del-pacu","tag-fiesta-del-pacu-en-esquina","tag-fiesta-nacional-del-pacu","post_format-post-format-gallery"],"_links":{"self":[{"href":"http:\/\/informateesquina.com\/index.php?rest_route=\/wp\/v2\/posts\/36623","targetHints":{"allow":["GET"]}}],"collection":[{"href":"http:\/\/informateesquina.com\/index.php?rest_route=\/wp\/v2\/posts"}],"about":[{"href":"http:\/\/informateesquina.com\/index.php?rest_route=\/wp\/v2\/types\/post"}],"author":[{"embeddable":true,"href":"http:\/\/informateesquina.com\/index.php?rest_route=\/wp\/v2\/users\/1"}],"replies":[{"embeddable":true,"href":"http:\/\/informateesquina.com\/index.php?rest_route=%2Fwp%2Fv2%2Fcomments&post=36623"}],"version-history":[{"count":0,"href":"http:\/\/informateesquina.com\/index.php?rest_route=\/wp\/v2\/posts\/36623\/revisions"}],"wp:featuredmedia":[{"embeddable":true,"href":"http:\/\/informateesquina.com\/index.php?rest_route=\/"}],"wp:attachment":[{"href":"http:\/\/informateesquina.com\/index.php?rest_route=%2Fwp%2Fv2%2Fmedia&parent=36623"}],"wp:term":[{"taxonomy":"category","embeddable":true,"href":"http:\/\/informateesquina.com\/index.php?rest_route=%2Fwp%2Fv2%2Fcategories&post=36623"},{"taxonomy":"post_tag","embeddable":true,"href":"http:\/\/informateesquina.com\/index.php?rest_route=%2Fwp%2Fv2%2Ftags&post=36623"}],"curies":[{"name":"wp","href":"https:\/\/api.w.org\/{rel}","templated":true}]}}