{"id":36642,"date":"2020-02-25T12:58:05","date_gmt":"2020-02-25T15:58:05","guid":{"rendered":"https:\/\/informateesquina.com\/?p=36642"},"modified":"2020-02-25T12:58:05","modified_gmt":"2020-02-25T15:58:05","slug":"evito-un-robo-al-invocar-el-nombre-de-jesus","status":"publish","type":"post","link":"http:\/\/informateesquina.com\/?p=36642","title":{"rendered":"Evit\u00f3 un robo al invocar &#8220;el nombre de Jes\u00fas&#8221;"},"content":{"rendered":"<header>\n<h1><span style=\"color: #666666; font-family: Roboto, sans-serif; font-size: 15px;\">Fabiana, es de la capital correntina y\u00a0<\/span><span style=\"color: #666666; font-family: Roboto, sans-serif; font-size: 15px;\">\u00a0cont\u00f3 a Radio Dos una increible historia que le sucedi\u00f3 anoche en el barrio Concepci\u00f3n de la ciudad de Corrientes.\u00a0\u00a0<\/span><\/h1>\n<\/header>\n<div class=\"content\">\n<figure class=\"highlight\"><img loading=\"lazy\" decoding=\"async\" class=\"pic\" src=\"https:\/\/www.radiodos.com.ar\/content\/bucket\/7\/69437w680h500c.jpg\" alt=\"De no creer: Una mujer evit\u00f3 el robo de motochorros en Corrientes al invocar &quot;el nombre de Jes\u00fas&quot;\" width=\"680\" height=\"500\" \/><\/figure>\n<section class=\"body\">&nbsp;<\/p>\n<div id=\"div-gpt-ad-1568747556532-0\" class=\"adblock\" data-google-query-id=\"CLHkuZ2H7ecCFaotuQYdV00DmA\">\n<div id=\"google_ads_iframe_\/21749796353\/RadioDos-Movil-300_nota_1_0__container__\"><iframe id=\"google_ads_iframe_\/21749796353\/RadioDos-Movil-300_nota_1_0\" title=\"3rd party ad content\" name=\"google_ads_iframe_\/21749796353\/RadioDos-Movil-300_nota_1_0\" width=\"320\" height=\"250\" frameborder=\"0\" marginwidth=\"0\" marginheight=\"0\" scrolling=\"no\" data-google-container-id=\"e\" data-load-complete=\"true\" data-mce-fragment=\"1\"><\/iframe><\/div>\n<\/div>\n<p>&nbsp;<\/p>\n<p>&#8220;Quisieron robarle la cartera a mi mam\u00e1, pero cuando ella nombr\u00f3 la palabra del Se\u00f1or, le devolvieron al hacer la se\u00f1al de la Cruz\u201d, coment\u00f3 la joven sobre el incre\u00edble hecho.<\/p>\n<p>El mismo, seg\u00fan relat\u00f3, ocurri\u00f3 el lunes por la noche en la parada del colectivo ubicada en Aconcagua y Valpara\u00edso.<\/p>\n<p>\u201cEllos deciden hacer la se\u00f1al de la cruz luego de quitarles la cartera porque mi madre les dijo que en el nombre de Jes\u00fas le daba sus pertenencias\u201d, expres\u00f3.<\/p>\n<blockquote><p>La protecci\u00f3n de Dios estuvo presente<\/p><\/blockquote>\n<p>\u201cYo siempre estoy viendo robos y le doy gracias a Dios porque es la primera vez que me pasa\u201d, relat\u00f3.<\/p>\n<div class=\"external\"><iframe loading=\"lazy\" src=\"https:\/\/www.google.com\/maps\/embed?pb=!1m18!1m12!1m3!1d3538.995098818832!2d-58.82252738573782!3d-27.50052788287798!2m3!1f0!2f0!3f0!3m2!1i1024!2i768!4f13.1!3m3!1m2!1s0x94456b85826cf153%3A0x72d8cdfaf8b6a0c0!2sAconcagua%20%26%20Valparaiso%2C%20Corrientes!5e0!3m2!1ses!2sar!4v1582639558335!5m2!1ses!2sar\" width=\"100%\" height=\"450\" frameborder=\"0\" allowfullscreen=\"allowfullscreen\" data-mce-fragment=\"1\"><\/iframe><iframe data-mce-fragment=\"1\"><\/iframe><\/div>\n<p><strong>Qu\u00e9 es la se\u00f1al de la Cruz\u00a0<\/strong><\/p>\n<p>La se\u00f1al de la cruz (del lat\u00edn: signum crucis) es un gesto ritual utilizado por diversos grupos o ramas del cristianismo (iglesias ortodoxas orientales, catolicismo, anglicanismo, luteranismo y en ciertos rituales en el metodismo, presbiterianismo y en las iglesias reformadas).<\/p>\n<p>Fuente : Radio Dos<\/p>\n<\/section>\n<\/div>\n","protected":false},"excerpt":{"rendered":"<p>Fabiana, es de la capital correntina y\u00a0\u00a0cont\u00f3 a Radio Dos una increible historia que le sucedi\u00f3 anoche en el barrio Concepci\u00f3n de la ciudad de Corrientes.\u00a0\u00a0 &nbsp; &nbsp; &#8220;Quisieron robarle la cartera a mi mam\u00e1, pero cuando ella nombr\u00f3 la palabra del Se\u00f1or, le devolvieron al hacer la se\u00f1al de la Cruz\u201d, coment\u00f3 la joven [&hellip;]<\/p>\n","protected":false},"author":1,"featured_media":36643,"comment_status":"closed","ping_status":"closed","sticky":false,"template":"","format":"standard","meta":{"footnotes":""},"categories":[8],"tags":[],"class_list":["post-36642","post","type-post","status-publish","format-standard","has-post-thumbnail","hentry","category-policiales"],"_links":{"self":[{"href":"http:\/\/informateesquina.com\/index.php?rest_route=\/wp\/v2\/posts\/36642","targetHints":{"allow":["GET"]}}],"collection":[{"href":"http:\/\/informateesquina.com\/index.php?rest_route=\/wp\/v2\/posts"}],"about":[{"href":"http:\/\/informateesquina.com\/index.php?rest_route=\/wp\/v2\/types\/post"}],"author":[{"embeddable":true,"href":"http:\/\/informateesquina.com\/index.php?rest_route=\/wp\/v2\/users\/1"}],"replies":[{"embeddable":true,"href":"http:\/\/informateesquina.com\/index.php?rest_route=%2Fwp%2Fv2%2Fcomments&post=36642"}],"version-history":[{"count":0,"href":"http:\/\/informateesquina.com\/index.php?rest_route=\/wp\/v2\/posts\/36642\/revisions"}],"wp:featuredmedia":[{"embeddable":true,"href":"http:\/\/informateesquina.com\/index.php?rest_route=\/"}],"wp:attachment":[{"href":"http:\/\/informateesquina.com\/index.php?rest_route=%2Fwp%2Fv2%2Fmedia&parent=36642"}],"wp:term":[{"taxonomy":"category","embeddable":true,"href":"http:\/\/informateesquina.com\/index.php?rest_route=%2Fwp%2Fv2%2Fcategories&post=36642"},{"taxonomy":"post_tag","embeddable":true,"href":"http:\/\/informateesquina.com\/index.php?rest_route=%2Fwp%2Fv2%2Ftags&post=36642"}],"curies":[{"name":"wp","href":"https:\/\/api.w.org\/{rel}","templated":true}]}}