{"id":36645,"date":"2020-02-25T13:09:31","date_gmt":"2020-02-25T16:09:31","guid":{"rendered":"https:\/\/informateesquina.com\/?p=36645"},"modified":"2020-02-25T13:09:31","modified_gmt":"2020-02-25T16:09:31","slug":"hoy-se-recuerda-a-don-jose-de-san-martin","status":"publish","type":"post","link":"http:\/\/informateesquina.com\/?p=36645","title":{"rendered":"Hoy se recuerda a don Jos\u00e9 de San Mart\u00edn"},"content":{"rendered":"<article id=\"item\">\n<div id=\"nota\" class=\"\">\n<div class=\"col-md-12\">\n<h1><span style=\"color: #666666; font-family: Roboto, sans-serif; font-size: 15px;\">El 25 de febrero de 1778 naci\u00f3 en Yapey\u00fa el m\u00e1ximo procer Argentino, bajo cuyo mando se produjo la liberaci\u00f3n del dominio espa\u00f1ol en Argentina, Chile y Per\u00fa. Una breve rese\u00f1a acerca de los acontecimientos m\u00e1s importantes y relevantes de su memorable vida.<\/span><\/h1>\n<div class=\"image_review_wrapper\">\n<div class=\"swiper-container swiper-container-horizontal swiper-container-android\">\n<div class=\"swiper-wrapper\">\n<div class=\"swiper-slide swiper-slide-active\"><a href=\"https:\/\/www.radiosudamericana.com\/notix\/multimedia\/imagenes\/fotos\/2020-02-25\/252514.jpg\"><img decoding=\"async\" class=\"img-responsive\" src=\"https:\/\/www.radiosudamericana.com\/notix\/multimedia\/imagenes\/fotos\/2020-02-25\/252514.jpg\" alt=\"Responsive image\" \/><\/a><\/div>\n<\/div>\n<\/div>\n<\/div>\n<\/div>\n<div class=\"col-md-12\">\n<div><\/div>\n<\/div>\n<p><strong>Jos\u00e9 Francisco de San Mart\u00edn y Matorras\u00a0naci\u00f3 en Yapey\u00fa<\/strong>, Virreinato del R\u00edo de la Plata,\u00a0<strong>el 25 de febrero de 1778<\/strong>;\u200b fue un militar y pol\u00edtico rioplatense cuyas campa\u00f1as revolucionarias fueron decisivas para las independencias de Argentina, Chile y Per\u00fa.\u00a0<strong>Fue reconocido, junto con Sim\u00f3n Bol\u00edvar, libertador de Am\u00e9rica por sus importantes contribuciones a la autodeterminaci\u00f3n de una gran parte de la Am\u00e9rica espa\u00f1ola<\/strong>.<\/p>\n<p>En abril de 1784, cuando ten\u00eda seis a\u00f1os, lleg\u00f3 con su familia a C\u00e1diz, Espa\u00f1a \u2015previa estad\u00eda en Buenos Aires\u2015 y se radic\u00f3 luego en la ciudad de M\u00e1laga.\u200b Comenz\u00f3 sus estudios en el Real Seminario de Nobles de Madrid y en la Escuela de Temporalidades de M\u00e1laga en 1786. Ingres\u00f3 posteriormente al ej\u00e9rcito espa\u00f1ol e hizo su carrera militar en el Regimiento de Murcia.\u200bCombati\u00f3 en el norte de \u00c1frica, luego contra la dominaci\u00f3n napole\u00f3nica de Espa\u00f1a y particip\u00f3 en las batallas de Bail\u00e9n y La Albuera.\u200b<\/p>\n<p>Con 34 a\u00f1os, en 1812, tras haber alcanzado el grado de teniente coronel, y luego de una escala en Londres, retorn\u00f3 a Buenos Aires, donde se puso al servicio de la independencia de las Provincias Unidas del R\u00edo de la Plata.\u200b\u00a0<strong>Se le encomend\u00f3 la creaci\u00f3n del Regimiento de Granaderos a Caballo (que hoy lleva su nombre), que tuvo su bautismo de fuego en el combate de San Lorenzo<\/strong>.\u200b\u00a0M\u00e1s tarde se le encarg\u00f3 la jefatura del Ej\u00e9rcito del Norte, en reemplazo del general Manuel Belgrano.\u200b All\u00ed concibi\u00f3 su plan continental, comprendiendo que el triunfo patriota en la guerra de la independencia hispanoamericana solo se lograr\u00eda con la eliminaci\u00f3n de todos los n\u00facleos realistas que eran los centros de poder leales a mantener el sistema colonial en Am\u00e9rica.\u200b<\/p>\n<p>Nombrado gobernador de Cuyo, con sede en la ciudad de Mendoza, puso en marcha su proyecto.\u200b\u00a0<strong>Tras organizar al Ej\u00e9rcito de los Andes, cruz\u00f3 la cordillera del mismo nombre y lider\u00f3 la liberaci\u00f3n de Chile, en las batallas de Chacabuco y Maip\u00fa<\/strong>.\u00a0Luego, utilizando una flota organizada y financiada por Chile,\u200b y luego de recibir instrucciones del Senado de Chile,\u200b atac\u00f3 al centro del poder espa\u00f1ol en Sudam\u00e9rica, la ciudad de Lima, y declar\u00f3 la independencia del Per\u00fa en 1821.\u00a0Finaliz\u00f3 su carrera de las armas luego de producida la Entrevista de Guayaquil con Sim\u00f3n Bol\u00edvar, en 1822, donde le cedi\u00f3 su ej\u00e9rcito y la meta de finalizar la liberaci\u00f3n del Per\u00fa.\u200b<\/p>\n<h2>Parti\u00f3 hacia Europa, donde muri\u00f3 el 17 de agosto de 1850.\u200b<\/h2>\n<p><strong>En Argentina se lo reconoce como el \u00abPadre de la Patria\u00bb\u200b y el \u00abLibertador\u00bb,\u200b y se lo valora como el principal h\u00e9roe y pr\u00f3cer del pante\u00f3n nacional<\/strong>.\u00a0<strong>En Per\u00fa tambi\u00e9n se lo recuerda como el \u00abFundador de la Libertad del Per\u00fa\u00bb, el \u00abFundador de la Rep\u00fablica\u00bb, el \u00abGeneral\u00edsimo de las Armas\u00bb y el \u00abLibertador\u00bb del pa\u00eds<\/strong>.\u200b El Ej\u00e9rcito de Chile le reconoce el grado de capit\u00e1n general.<\/p>\n<\/div>\n<\/article>\n","protected":false},"excerpt":{"rendered":"<p>El 25 de febrero de 1778 naci\u00f3 en Yapey\u00fa el m\u00e1ximo procer Argentino, bajo cuyo mando se produjo la liberaci\u00f3n del dominio espa\u00f1ol en Argentina, Chile y Per\u00fa. Una breve rese\u00f1a acerca de los acontecimientos m\u00e1s importantes y relevantes de su memorable vida. Jos\u00e9 Francisco de San Mart\u00edn y Matorras\u00a0naci\u00f3 en Yapey\u00fa, Virreinato del R\u00edo [&hellip;]<\/p>\n","protected":false},"author":1,"featured_media":36646,"comment_status":"closed","ping_status":"closed","sticky":false,"template":"","format":"standard","meta":{"footnotes":""},"categories":[2],"tags":[136],"class_list":["post-36645","post","type-post","status-publish","format-standard","has-post-thumbnail","hentry","category-culturales","tag-destacados"],"_links":{"self":[{"href":"http:\/\/informateesquina.com\/index.php?rest_route=\/wp\/v2\/posts\/36645","targetHints":{"allow":["GET"]}}],"collection":[{"href":"http:\/\/informateesquina.com\/index.php?rest_route=\/wp\/v2\/posts"}],"about":[{"href":"http:\/\/informateesquina.com\/index.php?rest_route=\/wp\/v2\/types\/post"}],"author":[{"embeddable":true,"href":"http:\/\/informateesquina.com\/index.php?rest_route=\/wp\/v2\/users\/1"}],"replies":[{"embeddable":true,"href":"http:\/\/informateesquina.com\/index.php?rest_route=%2Fwp%2Fv2%2Fcomments&post=36645"}],"version-history":[{"count":0,"href":"http:\/\/informateesquina.com\/index.php?rest_route=\/wp\/v2\/posts\/36645\/revisions"}],"wp:featuredmedia":[{"embeddable":true,"href":"http:\/\/informateesquina.com\/index.php?rest_route=\/"}],"wp:attachment":[{"href":"http:\/\/informateesquina.com\/index.php?rest_route=%2Fwp%2Fv2%2Fmedia&parent=36645"}],"wp:term":[{"taxonomy":"category","embeddable":true,"href":"http:\/\/informateesquina.com\/index.php?rest_route=%2Fwp%2Fv2%2Fcategories&post=36645"},{"taxonomy":"post_tag","embeddable":true,"href":"http:\/\/informateesquina.com\/index.php?rest_route=%2Fwp%2Fv2%2Ftags&post=36645"}],"curies":[{"name":"wp","href":"https:\/\/api.w.org\/{rel}","templated":true}]}}