{"id":36648,"date":"2020-02-25T13:13:48","date_gmt":"2020-02-25T16:13:48","guid":{"rendered":"https:\/\/informateesquina.com\/?p=36648"},"modified":"2020-02-25T13:13:48","modified_gmt":"2020-02-25T16:13:48","slug":"anses-por-el-feriado-de-carnaval-como-quedan-las-fechas-de-cobro","status":"publish","type":"post","link":"http:\/\/informateesquina.com\/?p=36648","title":{"rendered":"Anses: por el feriado de carnaval, c\u00f3mo quedan las fechas de cobro"},"content":{"rendered":"<div class=\"col-md-12\">\n<h1><span style=\"color: #666666; font-family: Roboto, sans-serif; font-size: 15px;\">La Administraci\u00f3n Nacional de la Seguridad Social public\u00f3 las fechas de pago para la \u00faltima semana del segundo mes del a\u00f1o. Tambi\u00e9n inform\u00f3 sobre el aumento en marzo.<\/span><\/h1>\n<div class=\"image_review_wrapper\">\n<div class=\"swiper-container swiper-container-horizontal swiper-container-android\">\n<div class=\"swiper-wrapper\">\n<div class=\"swiper-slide swiper-slide-active\"><a href=\"https:\/\/www.radiosudamericana.com\/notix\/multimedia\/imagenes\/fotos\/2020-02-25\/190295.jpg\"><img decoding=\"async\" class=\"img-responsive\" src=\"https:\/\/www.radiosudamericana.com\/notix\/multimedia\/imagenes\/fotos\/2020-02-25\/190295.jpg\" alt=\"Responsive image\" \/><\/a><\/div>\n<\/div>\n<\/div>\n<\/div>\n<\/div>\n<p>La\u00a0Administraci\u00f3n Nacional de la Seguridad Social (Anses) public\u00f3 las fechas cobro de febrero. A continuaci\u00f3n, se detallan los d\u00edas correspondiente a cada grupo de beneficiarios seg\u00fan la terminaci\u00f3n de su n\u00famero de documento.<\/p>\n<p>Tambi\u00e9n y de acuerdo al nuevo aumento que corresponde a la Ley de Movilidad, los jubilados y pensionados, pasar\u00e1n a tener una m\u00ednima de $14.705. De esta manera, los jubilados y pensionados cuyos haberes superen los $14.702 y de acuerdo a la terminaci\u00f3n de DNI, las fechas son:<\/p>\n<p><strong>DNI\u00a0 \u00a0 \u00a0 \u00a0 \u00a0 \u00a0 Fecha de Pago<\/strong><\/p>\n<p>0 y 1\u00a0 \u00a0 \u00a0 \u00a0 \u00a0 \u00a0 \u00a0 \u00a0 20 de febrero<br \/>\n2 y 3\u00a0 \u00a0 \u00a0 \u00a0 \u00a0 \u00a0 \u00a0 \u00a0 21 de febrero<br \/>\n4 y 5\u00a0 \u00a0 \u00a0 \u00a0 \u00a0 \u00a0 \u00a0 \u00a0 26 de febrero<br \/>\n6 y 7\u00a0 \u00a0 \u00a0 \u00a0 \u00a0 \u00a0 \u00a0 \u00a0 27 de febrero<br \/>\n8 y 9\u00a0 \u00a0 \u00a0 \u00a0 \u00a0 \u00a0 \u00a0 \u00a028 de febrero<\/p>\n<h2><strong>C\u00f3mo quedan los aumentos previstos para marzo<\/strong><\/h2>\n<p>El\u00a0incremento equivale al 13% de los rangos y montos establecidos en el Bolet\u00edn Oficial.\u00a0Es decir, ser\u00e1 de una suma fija de $1.500, lo que representa un beneficio para el 86% de las personas alcanzadas por jubilaci\u00f3n, AUH y SUAF. \u201cSon 11 millones de personas que reciben un aumento adicional\u201d, inform\u00f3 Vanoli.<\/p>\n<p>De esta forma,\u00a0la jubilaci\u00f3n m\u00ednima ser\u00e1 de $15.890. La\u00a0Asignaci\u00f3n Universal por Hijo y por Embarazo pasar\u00e1 a ser de $3102,98. Por su parte, el monto para\u00a0asignaci\u00f3n por Hijo con Discapacidad pasar\u00e1 a ser de $10.110.<\/p>\n<p>Respecto a las Asignaciones Familiares, el incremento tambi\u00e9n ser\u00e1 de 13%. De esa forma, para familias con ingresos totales de entre $5529 y $48092 la asignaci\u00f3n por Hijo y Prenatal ser\u00e1 de $3102. Por Nacimiento, la suma pasar\u00e1 a ser de $3617.<\/p>\n<p>Adem\u00e1s, el Gobierno anunci\u00f3 una plan para\u00a0proveer a adultos mayores un conjunto de 170 medicamentos esenciales gratuitos, seg\u00fan un listado de recomendaciones de la Organizaci\u00f3n Mundial de la Salud (OMS).<\/p>\n<p>La\u00a0modificaci\u00f3n se produjo a partir de la sanci\u00f3n de la ley de Solidaridad Social y Emergencia Productiva en diciembre pasado. En ese momento se suspendi\u00f3 por 180 d\u00edas la aplicaci\u00f3n de la f\u00f3rmula de movilidad jubilatoria que estaba vigente. De acuerdo a esa normativa, el incremento deber\u00eda haber sido de 11,56% a partir de marzo.<\/p>\n","protected":false},"excerpt":{"rendered":"<p>La Administraci\u00f3n Nacional de la Seguridad Social public\u00f3 las fechas de pago para la \u00faltima semana del segundo mes del a\u00f1o. Tambi\u00e9n inform\u00f3 sobre el aumento en marzo. La\u00a0Administraci\u00f3n Nacional de la Seguridad Social (Anses) public\u00f3 las fechas cobro de febrero. A continuaci\u00f3n, se detallan los d\u00edas correspondiente a cada grupo de beneficiarios seg\u00fan la [&hellip;]<\/p>\n","protected":false},"author":1,"featured_media":36649,"comment_status":"closed","ping_status":"closed","sticky":false,"template":"","format":"standard","meta":{"footnotes":""},"categories":[7,11],"tags":[136],"class_list":["post-36648","post","type-post","status-publish","format-standard","has-post-thumbnail","hentry","category-nacionales","category-sociedad","tag-destacados"],"_links":{"self":[{"href":"http:\/\/informateesquina.com\/index.php?rest_route=\/wp\/v2\/posts\/36648","targetHints":{"allow":["GET"]}}],"collection":[{"href":"http:\/\/informateesquina.com\/index.php?rest_route=\/wp\/v2\/posts"}],"about":[{"href":"http:\/\/informateesquina.com\/index.php?rest_route=\/wp\/v2\/types\/post"}],"author":[{"embeddable":true,"href":"http:\/\/informateesquina.com\/index.php?rest_route=\/wp\/v2\/users\/1"}],"replies":[{"embeddable":true,"href":"http:\/\/informateesquina.com\/index.php?rest_route=%2Fwp%2Fv2%2Fcomments&post=36648"}],"version-history":[{"count":0,"href":"http:\/\/informateesquina.com\/index.php?rest_route=\/wp\/v2\/posts\/36648\/revisions"}],"wp:featuredmedia":[{"embeddable":true,"href":"http:\/\/informateesquina.com\/index.php?rest_route=\/"}],"wp:attachment":[{"href":"http:\/\/informateesquina.com\/index.php?rest_route=%2Fwp%2Fv2%2Fmedia&parent=36648"}],"wp:term":[{"taxonomy":"category","embeddable":true,"href":"http:\/\/informateesquina.com\/index.php?rest_route=%2Fwp%2Fv2%2Fcategories&post=36648"},{"taxonomy":"post_tag","embeddable":true,"href":"http:\/\/informateesquina.com\/index.php?rest_route=%2Fwp%2Fv2%2Ftags&post=36648"}],"curies":[{"name":"wp","href":"https:\/\/api.w.org\/{rel}","templated":true}]}}