{"id":36651,"date":"2020-02-25T13:28:01","date_gmt":"2020-02-25T16:28:01","guid":{"rendered":"https:\/\/informateesquina.com\/?p=36651"},"modified":"2020-02-25T13:28:01","modified_gmt":"2020-02-25T16:28:01","slug":"espana-confirmo-el-primer-caso-de-coronavirus-en-barcelona","status":"publish","type":"post","link":"http:\/\/informateesquina.com\/?p=36651","title":{"rendered":"Espa\u00f1a confirm\u00f3 el primer caso de Coronavirus en Barcelona"},"content":{"rendered":"<div class=\"row pb-content-type-image\">\n<figure class=\"element element-image col-xs-12\">\n<div class=\"single-image\"><img decoding=\"async\" id=\"YKOVOYGUZZEO7PWU3ARYQYOJ5Q\" class=\"image-lazy\" src=\"https:\/\/www.infobae.com\/new-resizer\/DPE12XgpZ_a53v_NV21Br_IKudI=\/750x0\/filters:quality(100)\/arc-anglerfish-arc2-prod-infobae.s3.amazonaws.com\/public\/YKOVOYGUZZEO7PWU3ARYQYOJ5Q.jpg\" alt=\"Un hombre con barbijo frente a la Bas\u00edlica de la Sagrada Familia en Barcelona (REUTERS\/Nacho Doce)\" width=\"750\" height=\"498.6263736263736\" data-url=\"https:\/\/www.infobae.com\/america\/mundo\/2020\/02\/25\/espana-confirmo-el-primer-caso-de-coronavirus-en-barcelona\/%23YKOVOYGUZZEO7PWU3ARYQYOJ5Q\" data-original=\"https:\/\/www.infobae.com\/new-resizer\/DPE12XgpZ_a53v_NV21Br_IKudI=\/750x0\/filters:quality(100)\/arc-anglerfish-arc2-prod-infobae.s3.amazonaws.com\/public\/YKOVOYGUZZEO7PWU3ARYQYOJ5Q.jpg\" \/><\/div><figcaption class=\"\"><span class=\"credit\">Un hombre con barbijo frente a la Bas\u00edlica de la Sagrada Familia en Barcelona (REUTERS\/Nacho Doce)<\/span><\/figcaption><\/figure>\n<\/div>\n<div class=\"row pb-content-type-text\">\n<div class=\"col-xs-12 col-print-12\">\n<p class=\"element element-paragraph\"><b>Una mujer italiana de 36 a\u00f1os residente en Barcelona contrajo coronavirus<\/b>. Es el primer caso confirmado en la ciudad, una de las m\u00e1s importantes de Espa\u00f1a. Esta persona\u00a0<b>reci\u00e9n hab\u00eda llegado de un viaje que hab\u00eda hecho a Italia<\/b>\u00a0y este lunes acudi\u00f3 al hospital Cl\u00ednic con s\u00edntomas de la enfermedad.<\/p>\n<\/div>\n<\/div>\n<div class=\"row pb-content-type-text\">\n<div class=\"col-xs-12 col-print-12\">\n<p class=\"element element-paragraph\">El secretario de Salud del Ejecutivo catal\u00e1n,\u00a0<b>Jon Guix<\/b>, confirm\u00f3 que la paciente estuvo en la zona de B\u00e9rgamo y Mil\u00e1n entre el 12 y el 22 de febrero pasado y que ahora se encuentra ingresada en el hospital Cl\u00ednic de Barcelona.<\/p>\n<div id=\"right_1_300x600\" class=\"ad-slot col-xs-12\" data-adtype=\"bigbox\"><\/div>\n<\/div>\n<\/div>\n<div class=\"row pb-content-type-text\">\n<div class=\"col-xs-12 col-print-12\">\n<p class=\"element element-paragraph\">\u201c<b>Su situaci\u00f3n es leve, con una sintomatolog\u00eda similar a la de una gripe, pero se encuentra bien<\/b>&#8220;, afirm\u00f3 Guix, de acuerdo a lo que recogi\u00f3\u00a0<i>El Pa\u00eds<\/i>.<\/p>\n<\/div>\n<\/div>\n<div class=\"row pb-content-type-text\">\n<div class=\"col-xs-12 col-print-12\">\n<p class=\"element element-paragraph\"><b>El funcionario llam\u00f3 a la calma y record\u00f3 que el 80% de los casos de coronavirus son leves<\/b>.<\/p>\n<div id=\"right_2_300x600\" class=\"ad-slot col-xs-12\" data-adtype=\"bigbox\"><\/div>\n<\/div>\n<\/div>\n<div class=\"row pb-content-type-text\">\n<div id=\"\" class=\"wrapper clearfix pb-feature pb-layout-item pb-f-ads-dfp no-align\">\n<div id=\"inline\" class=\"ad-slot\"><\/div>\n<\/div>\n<div class=\"col-xs-12 col-print-12\">\n<p class=\"element element-paragraph\">En tanto, Assumpta Ricard, gerente de procesos integrales de salud del Servei Catal\u00e0 de la Salut, afirm\u00f3 que \u201c<b>el sistema est\u00e1 preparado<\/b>\u201d para hacer frente a los casos que puedan aparecer<\/p>\n<\/div>\n<\/div>\n","protected":false},"excerpt":{"rendered":"<p>Un hombre con barbijo frente a la Bas\u00edlica de la Sagrada Familia en Barcelona (REUTERS\/Nacho Doce) Una mujer italiana de 36 a\u00f1os residente en Barcelona contrajo coronavirus. Es el primer caso confirmado en la ciudad, una de las m\u00e1s importantes de Espa\u00f1a. Esta persona\u00a0reci\u00e9n hab\u00eda llegado de un viaje que hab\u00eda hecho a Italia\u00a0y este [&hellip;]<\/p>\n","protected":false},"author":1,"featured_media":36653,"comment_status":"closed","ping_status":"closed","sticky":false,"template":"","format":"standard","meta":{"footnotes":""},"categories":[5],"tags":[],"class_list":["post-36651","post","type-post","status-publish","format-standard","has-post-thumbnail","hentry","category-internacionales"],"_links":{"self":[{"href":"http:\/\/informateesquina.com\/index.php?rest_route=\/wp\/v2\/posts\/36651","targetHints":{"allow":["GET"]}}],"collection":[{"href":"http:\/\/informateesquina.com\/index.php?rest_route=\/wp\/v2\/posts"}],"about":[{"href":"http:\/\/informateesquina.com\/index.php?rest_route=\/wp\/v2\/types\/post"}],"author":[{"embeddable":true,"href":"http:\/\/informateesquina.com\/index.php?rest_route=\/wp\/v2\/users\/1"}],"replies":[{"embeddable":true,"href":"http:\/\/informateesquina.com\/index.php?rest_route=%2Fwp%2Fv2%2Fcomments&post=36651"}],"version-history":[{"count":0,"href":"http:\/\/informateesquina.com\/index.php?rest_route=\/wp\/v2\/posts\/36651\/revisions"}],"wp:featuredmedia":[{"embeddable":true,"href":"http:\/\/informateesquina.com\/index.php?rest_route=\/"}],"wp:attachment":[{"href":"http:\/\/informateesquina.com\/index.php?rest_route=%2Fwp%2Fv2%2Fmedia&parent=36651"}],"wp:term":[{"taxonomy":"category","embeddable":true,"href":"http:\/\/informateesquina.com\/index.php?rest_route=%2Fwp%2Fv2%2Fcategories&post=36651"},{"taxonomy":"post_tag","embeddable":true,"href":"http:\/\/informateesquina.com\/index.php?rest_route=%2Fwp%2Fv2%2Ftags&post=36651"}],"curies":[{"name":"wp","href":"https:\/\/api.w.org\/{rel}","templated":true}]}}